{"id":7196,"date":"2020-01-02T07:41:21","date_gmt":"2020-01-02T13:41:21","guid":{"rendered":"http:\/\/www.zonaroja.com.mx\/?p=7196"},"modified":"2020-01-02T07:48:35","modified_gmt":"2020-01-02T13:48:35","slug":"ejecutan-a-dos-en-juchitan-sumaron-tres-homicidios-en-primer-dia-del-ano","status":"publish","type":"post","link":"https:\/\/zonaroja.com.mx\/?p=7196","title":{"rendered":"Ejecutan a dos en Juchit\u00e1n; sumaron tres homicidios en primer d\u00eda del a\u00f1o"},"content":{"rendered":"\n<p>Redacci\u00f3n\/Zona Roja.<\/p>\n\n\n\n<p>Oaxaca de Ju\u00e1rez, Oax., 2 de enero de\n2020.- El primer d\u00eda del a\u00f1o cerr\u00f3 con tres muertes violentas.<\/p>\n\n\n\n<p>Anoche, alrededor de las 22:00 horas,\ndos personas fueron ejecutadas con disparos de arma de fuego en la avenida\nPerif\u00e9rico Norte, entrada a la colonia Jos\u00e9 Gregorio Mel\u00e9ndez, de Juchit\u00e1n de\nZaragoza.<\/p>\n\n\n\n<p>Viajaban a bordo de su motocicleta\ncuando fueron asesinadas a balazos; las v\u00edctimas fueron identificadas como Donaciano\nJim\u00e9nez Raymundo, y Alfredo \u201cN\u201d. Sus familiares arribaron al lugar para\nlevantar los cuerpos y llevarlos a sus respectivos domicilios, a bordo de\nmototaxis.<\/p>\n\n\n\n<p>Hasta el momento no se tienen indicios del o los probables autores del doble homicidio.<\/p>\n\n\n\n<figure class=\"wp-block-embed-twitter wp-block-embed is-type-rich is-provider-twitter\"><div class=\"wp-block-embed__wrapper\">\n<div class=\"twitter-tweet\"><blockquote class=\"twitter-tweet\" data-lang=\"es\"><p lang=\"es\" dir=\"ltr\"><a href=\"https:\/\/twitter.com\/hashtag\/OaxacaRojo?src=hash&amp;ref_src=twsrc%5Etfw\">#OaxacaRojo<\/a><br>En video de <a href=\"https:\/\/twitter.com\/CortamortajaMx?ref_src=twsrc%5Etfw\">@CortamortajaMx<\/a>, as\u00ed vivieron las familias la tragedia del asesinato de dos personas, este 1 de enero alrededor de las 22:00 horas en Juchit\u00e1n de Zaragoza, Oaxaca. <a href=\"https:\/\/t.co\/gCGPSHYcoT\">pic.twitter.com\/gCGPSHYcoT<\/a><\/p>&mdash; Zona Roja Oaxaca (@MexRoja) <a href=\"https:\/\/twitter.com\/MexRoja\/status\/1212723027097587712?ref_src=twsrc%5Etfw\">2 de enero de 2020<\/a><\/blockquote><\/div>\n<\/div><\/figure>\n\n\n\n<p>Por otra parte, hasta el momento no se\nha esclarecido el homicidio de una mujer de 30 a\u00f1os de edad, ocurrido en los\nprimeros minutos del 1 de enero en el municipio de Salina Cruz.<\/p>\n\n\n\n<p>La v\u00edctima, Gabriela Zavaleta Ferm\u00edn, recibi\u00f3\nun impacto de arma de fuego casi a la altura de la sien, por lo que muri\u00f3 al\ninstante; \u00fanicamente se dio a conocer que presuntamente fue por una bala\nperdida.<\/p>\n\n\n\n<p>OLA DE ASALTOS<\/p>\n\n\n\n<p>Por otra parte, la regi\u00f3n del Istmo de\nTehuantepec registr\u00f3 adem\u00e1s ayer una ola de asaltos y robos.<\/p>\n\n\n\n<p>En Juchit\u00e1n, un solitario delincuente\ningres\u00f3 a la tienda Soriana, amag\u00f3 a una empleada con un arma de fuego para\nexigirle dinero, tras lo cual se dio a la fuga de manera inmediata.<\/p>\n\n\n\n<p>Tambi\u00e9n en ese municipio de la regi\u00f3n\nistme\u00f1a, fue asaltado un individuo, a la altura del fraccionamiento Gui\u00e9\nChaachi, a quien lesionaron y se llevaron su camioneta con placas de\ncirculaci\u00f3n RW-83646.<\/p>\n\n\n\n<p>Aproximadamente a las 11:00 horas, en\nCiudad Ixtepec, dos sujetos armados ingresaron a la sucursal de Banco Azteca, ubicada\nen la calle 16 de Septiembre de la colonia Estaci\u00f3n; mientras uno vigilaba el\nacceso el otro amenaz\u00f3 con un arma a una cajera y le pidi\u00f3 todo el dinero;\nambos huyeron sin que fueran perseguidos.<\/p>\n","protected":false},"excerpt":{"rendered":"<p>Redacci\u00f3n\/Zona Roja. Oaxaca de Ju\u00e1rez, Oax., 2 de enero de 2020.- El primer d\u00eda del&hellip;<\/p>\n","protected":false},"author":2,"featured_media":7197,"comment_status":"closed","ping_status":"open","sticky":false,"template":"","format":"standard","meta":{"_lmt_disableupdate":"","_lmt_disable":"","_jetpack_memberships_contains_paid_content":false,"footnotes":""},"categories":[109,51],"tags":[123],"class_list":["post-7196","post","type-post","status-publish","format-standard","has-post-thumbnail","hentry","category-minuto-a-minuto","category-zona-roja","tag-juchitan-de-zaragoza"],"jetpack_featured_media_url":"https:\/\/zonaroja.com.mx\/wp-content\/uploads\/2020\/01\/Doble-homicidio-Juchit\u00e1n.jpg","jetpack_sharing_enabled":true,"_links":{"self":[{"href":"https:\/\/zonaroja.com.mx\/index.php?rest_route=\/wp\/v2\/posts\/7196","targetHints":{"allow":["GET"]}}],"collection":[{"href":"https:\/\/zonaroja.com.mx\/index.php?rest_route=\/wp\/v2\/posts"}],"about":[{"href":"https:\/\/zonaroja.com.mx\/index.php?rest_route=\/wp\/v2\/types\/post"}],"author":[{"embeddable":true,"href":"https:\/\/zonaroja.com.mx\/index.php?rest_route=\/wp\/v2\/users\/2"}],"replies":[{"embeddable":true,"href":"https:\/\/zonaroja.com.mx\/index.php?rest_route=%2Fwp%2Fv2%2Fcomments&post=7196"}],"version-history":[{"count":2,"href":"https:\/\/zonaroja.com.mx\/index.php?rest_route=\/wp\/v2\/posts\/7196\/revisions"}],"predecessor-version":[{"id":7202,"href":"https:\/\/zonaroja.com.mx\/index.php?rest_route=\/wp\/v2\/posts\/7196\/revisions\/7202"}],"wp:featuredmedia":[{"embeddable":true,"href":"https:\/\/zonaroja.com.mx\/index.php?rest_route=\/wp\/v2\/media\/7197"}],"wp:attachment":[{"href":"https:\/\/zonaroja.com.mx\/index.php?rest_route=%2Fwp%2Fv2%2Fmedia&parent=7196"}],"wp:term":[{"taxonomy":"category","embeddable":true,"href":"https:\/\/zonaroja.com.mx\/index.php?rest_route=%2Fwp%2Fv2%2Fcategories&post=7196"},{"taxonomy":"post_tag","embeddable":true,"href":"https:\/\/zonaroja.com.mx\/index.php?rest_route=%2Fwp%2Fv2%2Ftags&post=7196"}],"curies":[{"name":"wp","href":"https:\/\/api.w.org\/{rel}","templated":true}]}}