{"id":71961,"date":"2024-08-31T07:50:00","date_gmt":"2024-08-31T13:50:00","guid":{"rendered":"https:\/\/zonaroja.com.mx\/?p=71961"},"modified":"2024-08-31T06:36:50","modified_gmt":"2024-08-31T12:36:50","slug":"suma-gobierno-10-inmuebles-recuperados-algunos-en-poder-del-pri","status":"publish","type":"post","link":"https:\/\/zonaroja.com.mx\/?p=71961","title":{"rendered":"Suma gobierno 10 inmuebles recuperados; algunos en poder del PRI"},"content":{"rendered":"\n<p>Redacci\u00f3n\/Zona Roja.<\/p>\n\n\n\n<p>Oaxaca de Ju\u00e1rez, Oax., a 31 de agosto de 2024. El Gobierno del Estado de Oaxaca, a trav\u00e9s de la Consejer\u00eda Jur\u00eddica y Asistencia Legal, recuper\u00f3 un inmueble ubicado en avenida S\u00edmbolos Patrios, esquina calle de Pinos en San Antonio de la Cal; con ello suman 10 espacios rescatados en lo que va de la administraci\u00f3n del mandatario Salom\u00f3n Jara Cruz.<\/p>\n\n\n\n<p>De acuerdo con el titular de la Consejer\u00eda Jur\u00eddica y Asistencia Legal Geovany V\u00e1squez Sagrero, el inmueble propiedad del Gobierno del Estado, fue dado en comodato en la administraci\u00f3n pasada, a favor de la asociaci\u00f3n civil \u201cLos hijos de las hadas\u201d para la atenci\u00f3n de ni\u00f1as y ni\u00f1os con autismo.<\/p>\n\n\n\n<p>Explic\u00f3 que al realizar la revisi\u00f3n de los estados de los inmuebles propiedad del Gobierno del Estado, se encontr\u00f3 un documento en la Direcci\u00f3n de Patrimonio de la Secretar\u00eda de Administraci\u00f3n en el que la directora de dicha asociaci\u00f3n civil regres\u00f3 el inmueble al Estado por presentar da\u00f1os derivados de los sismos.<\/p>\n\n\n\n<p>Ante ello, dijo, se pidi\u00f3 a la Coordinaci\u00f3n Estatal de Protecci\u00f3n Civil y Gesti\u00f3n de Riesgos la evaluaci\u00f3n del inmueble, y este viernes se determin\u00f3 tomar posesi\u00f3n del mismo.<\/p>\n\n\n\n<p>V\u00e1squez Sagrero expres\u00f3 que durante la revisi\u00f3n del inmueble se constat\u00f3 el abandono y la falta de mantenimiento del mismo, condiciones que lo inhabilitan para seguir brindando la atenci\u00f3n a ni\u00f1as y ni\u00f1os con autismo.<\/p>\n\n\n\n<p>No obstante, se\u00f1al\u00f3, el Sistema Estatal para el Desarrollo Integral de la Familia (DIF) Oaxaca, ha informado que cuenta con el Centro de Autismo \u201cNyela To Bidao\u201d, en la colonia Volcanes de la capital, con la capacidad suficiente para atender a las familias que acud\u00edan al inmueble de San Antonio de la Cal.<\/p>\n\n\n\n<p>\u201cToda vez que se cuenta con un espacio para brindar esta atenci\u00f3n, se determin\u00f3 dar por terminado el comodato y tomar la posesi\u00f3n del inmueble\u201d, dijo.<\/p>\n\n\n\n<p>El Consejero Jur\u00eddico del Gobierno del Estado expres\u00f3 que con esta acci\u00f3n, se refrenda el compromiso de rescatar y velar por el patrimonio de las y los oaxaque\u00f1os.<\/p>\n","protected":false},"excerpt":{"rendered":"<p>Redacci\u00f3n\/Zona Roja. Oaxaca de Ju\u00e1rez, Oax., a 31 de agosto de 2024. El Gobierno del&hellip;<\/p>\n","protected":false},"author":2,"featured_media":71962,"comment_status":"closed","ping_status":"open","sticky":false,"template":"","format":"standard","meta":{"_lmt_disableupdate":"","_lmt_disable":"","_jetpack_memberships_contains_paid_content":false,"footnotes":""},"categories":[109,46],"tags":[3435],"class_list":["post-71961","post","type-post","status-publish","format-standard","has-post-thumbnail","hentry","category-minuto-a-minuto","category-zona-blanca","tag-consejeria-juridica-gobierno-del-estado"],"jetpack_featured_media_url":"https:\/\/zonaroja.com.mx\/wp-content\/uploads\/2024\/08\/Inmueble-recuperado-San-Antonio-de-la-Cal-Consejeria-Juridica.jpeg","jetpack_sharing_enabled":true,"_links":{"self":[{"href":"https:\/\/zonaroja.com.mx\/index.php?rest_route=\/wp\/v2\/posts\/71961","targetHints":{"allow":["GET"]}}],"collection":[{"href":"https:\/\/zonaroja.com.mx\/index.php?rest_route=\/wp\/v2\/posts"}],"about":[{"href":"https:\/\/zonaroja.com.mx\/index.php?rest_route=\/wp\/v2\/types\/post"}],"author":[{"embeddable":true,"href":"https:\/\/zonaroja.com.mx\/index.php?rest_route=\/wp\/v2\/users\/2"}],"replies":[{"embeddable":true,"href":"https:\/\/zonaroja.com.mx\/index.php?rest_route=%2Fwp%2Fv2%2Fcomments&post=71961"}],"version-history":[{"count":1,"href":"https:\/\/zonaroja.com.mx\/index.php?rest_route=\/wp\/v2\/posts\/71961\/revisions"}],"predecessor-version":[{"id":71963,"href":"https:\/\/zonaroja.com.mx\/index.php?rest_route=\/wp\/v2\/posts\/71961\/revisions\/71963"}],"wp:featuredmedia":[{"embeddable":true,"href":"https:\/\/zonaroja.com.mx\/index.php?rest_route=\/wp\/v2\/media\/71962"}],"wp:attachment":[{"href":"https:\/\/zonaroja.com.mx\/index.php?rest_route=%2Fwp%2Fv2%2Fmedia&parent=71961"}],"wp:term":[{"taxonomy":"category","embeddable":true,"href":"https:\/\/zonaroja.com.mx\/index.php?rest_route=%2Fwp%2Fv2%2Fcategories&post=71961"},{"taxonomy":"post_tag","embeddable":true,"href":"https:\/\/zonaroja.com.mx\/index.php?rest_route=%2Fwp%2Fv2%2Ftags&post=71961"}],"curies":[{"name":"wp","href":"https:\/\/api.w.org\/{rel}","templated":true}]}}