{"id":71967,"date":"2024-08-31T10:00:00","date_gmt":"2024-08-31T16:00:00","guid":{"rendered":"https:\/\/zonaroja.com.mx\/?p=71967"},"modified":"2024-08-31T07:15:40","modified_gmt":"2024-08-31T13:15:40","slug":"cronica-la-justicia-ha-muerto-el-grito-desesperado","status":"publish","type":"post","link":"https:\/\/zonaroja.com.mx\/?p=71967","title":{"rendered":"Cr\u00f3nica. \u00a1La justicia ha muerto!, el grito desesperado"},"content":{"rendered":"\n<p>Willy L. Torres\/Zona Roja.<\/p>\n\n\n\n<p>Oaxaca de Ju\u00e1rez, Oax., a 31 de agosto de 2021.- Los gritos retumban frente a los viejos muros de Palacio de Gobierno de la ciudad de Oaxaca de Ju\u00e1rez en una noche fr\u00eda y lluviosa del viernes 30 de agosto: \u00a1La justicia ha muerto!<\/p>\n\n\n\n<p>Luego, otro grito que secundaron decenas de gargantas surc\u00f3 el ambiente: \u00a1La democracia ha muerto!<\/p>\n\n\n\n<p>A las 19 horas con 47 minutos, la marcha de los trabajadores del Poder Judicial de la Federaci\u00f3n en contra de las reformas que el Presidente Andr\u00e9s Manuel L\u00f3pez Obrador pretende imponer, se mueve como un gusano nocturno.<\/p>\n\n\n\n<p>Decenas de personas, \u201ccontamos entre 800 y 1000 mi jefe\u201d, dice un polic\u00eda de Vialidad a este reportero, visten de negro y llevan entre sus manos veladoras encendidas; hablan en voz alta, gesticulan, gritan: \u00a1Democracia s\u00ed, dictadura no!<\/p>\n\n\n\n<p>&#8211;Parece un desfile de muertos&#8211;, dice una ni\u00f1a a su madre que la jala de la mano.<\/p>\n\n\n\n<p>&nbsp;&#8211;\u00a1Ap\u00farate!, que ya va a empezar la \u201cpeli\u201d, le responde.<\/p>\n\n\n\n<p>Desde las 19:00 horas, los empleados judiciales comienzan a reunirse en la plancha de la Alameda de Le\u00f3n. Hab\u00eda tibieza en muchos; temor en la mayor\u00eda.<\/p>\n\n\n\n<p>&#8211;Mira en donde andamos Margarita. \u00bfY si nos despiden de nuestro juzgado?, pregunta una mujer a otra.&nbsp;<\/p>\n\n\n\n<p>&#8211;\u201cYa estamos aqu\u00ed\u2026Y somos muchos; ni modos que corran a todos\u201d, le responde.<\/p>\n\n\n\n<p>&#8211;Ese viejo es capaz&#8211;, revira la primera.&nbsp;<\/p>\n\n\n\n<p>Unas ni\u00f1as ofrecen en venta veladoras. A 15 pesos una, se\u00f1alan. Cuando la marcha inicia, hab\u00edan bajado a 10 pesos.&nbsp;<\/p>\n\n\n\n<p>Una mujer abre su bolso Pierre Cardin, y compra cinco.&nbsp;<\/p>\n\n\n\n<p>&#8211;El ambiente huele rico. Puro perfume caro, wey&#8211;, dice un joven a otro. En efecto: Los Cristian Dior se mezclan con los Lanc\u00f3me, Carolina Herrera; los Channel.<\/p>\n\n\n\n<p>Hay estudiantes de la UABJO, de la BUO. \u201cEstudiamos leyes\u201d, dice Ang\u00e9lica, que sonr\u00ede con su pancarta.&nbsp;<\/p>\n\n\n\n<p>Una banda de m\u00fasica hace acto de presencia. Se arranca con el \u201cDios Nunca Muere\u201d. Un hombre que vive de la caridad p\u00fablica, baila, grita. \u201cEs un provocador; lo mand\u00f3 el gobierno\u201d, &nbsp;bromean.&nbsp;<\/p>\n\n\n\n<p>Delante de la marcha va la justicia, personificada en una mujer envuelta en una t\u00fanica blanca, los ojos vendados y blandiendo una espada.&nbsp;<\/p>\n\n\n\n<p>Atr\u00e1s, una manta gigantesca: \u201dEl Poder Judicial de la Federaci\u00f3n defiende tus derechos; ahora nos toca defender los nuestros; ap\u00f3yanos\u201d, dice.<\/p>\n\n\n\n<p>M\u00e1s atr\u00e1s viene un hombre que personifica al padre de la patria Don Miguel Hidalgo y Costilla, a su lado, otro hombre porta una m\u00e1scara del insurgente Don Jos\u00e9 Mar\u00eda Morelos y Pav\u00f3n. El primero lleva una pancarta donde exige, \u201cIndependencia Judicial\u201d.<\/p>\n\n\n\n<p>Las consignas se suceden. \u00bfNo que iba a ser silenciosa?, pregunta un trajeado a otro. T\u00fa grita; nadie te ve, le responde su compa\u00f1ero.&nbsp;<\/p>\n\n\n\n<p>La marcha llega frente al Edificio Central de la Universidad Aut\u00f3noma \u201cBenito Ju\u00e1rez\u201d de Oaxaca en donde una vieja pinta en un muro dice: \u201cno pasar\u00e1n\u201d. Luego se escucha la consigna: \u201cSi Ju\u00e1rez viviera, con nosotros estuviera\u201d.&nbsp;<\/p>\n\n\n\n<p>El contingente toma Valdivieso en sentido contrario. Entra al z\u00f3calo, gritan frente al Palacio de Gobierno en donde reina un silencio sepulcral y despacha la 4 T. La banda toca m\u00fasica f\u00fanebre. \u00a1Cu\u00e1nta gente! \u00bfY dicen que se hab\u00edan terminadas las marchas en Oaxaca?, comenta una mujer con acento norte\u00f1o a su esposo que contempla el paso de la movilizaci\u00f3n &nbsp;en una de las mesas de los bares, de uno de los portales.<\/p>\n\n\n\n<p>&#8211;Que va vieja; \u00a1eso es propaganda del gobierno!, le agrega.<\/p>\n\n\n\n<p>EL RECORRIDO<\/p>\n\n\n\n<p>Un dron vuela. Mete esc\u00e1ndalo. \u201cLo envi\u00f3 L\u00f3pez Obrador\u201d\u2026\u201dChinga tu ma\u2026Peje\u201d, gritan.<\/p>\n\n\n\n<p>Los trabajadores inconformes vuelven a pasar frente al Edificio Central de la UABJO, todo en sentido contrario, dan vuelta a la izquierda sobre Macedonio Alcal\u00e1, tambi\u00e9n en sentido contrario. Llenan todo el Andador Tur\u00edstico con sus gritos, con sus consignas. Est\u00e1n muy enojados. \u201cLos jodidos somos los de abajo. Los de arriba qu\u00e9\u201d, dice una mujer de pueblo a otra. Mi hija trabaja en un juzgado, revela.<\/p>\n\n\n\n<p>La parada hace un alto frente al templo de la Sangre de Cristo, da vuelta a la derecha sobre Abasolo. A la marcha se ha unidos otra banda de m\u00fasica.<\/p>\n\n\n\n<p>\u00a1HOLGAZANES!<\/p>\n\n\n\n<p>Un incidente se produce en Abasolo con Reforma. Tres aguerridas mujeres de la tercera edad hacen frente a la marcha. Gritan de manera descompuesta: \u201cQuieran o no quieran la reforma del presidente va\u201d; \u201cp\u00f3nganse a trabajar; holgazanes\u201d; \u201cviva AMLO\u201d. Pocos les hacen caso, pero ellas siguen gritando.&nbsp;<\/p>\n\n\n\n<p>\u201cUn pueblo informado opina diferente\u201d, responden a coro, los marchistas.&nbsp;<\/p>\n\n\n\n<p>La manifestaci\u00f3n toma en sentido contrario la avenida Ju\u00e1rez y a las 21 horas con 19 minutos llega a \u201cEl Llano\u201d, donde dos leones nocturnos vigilan una de las entradas.<\/p>\n\n\n\n<p>La marcha ha llegado frente a las oficinas de los juzgados federales. Un hombre hace uso de la palabra y explica porqu\u00e9 es necesario que los jueces tengan carrera y no sean electos a trav\u00e9s de una t\u00f3mbola.<\/p>\n\n\n\n<p>&nbsp;En tanto que una mujer les pide \u201cdefender sus derechos y no bajar la guardia\u201d. Y agrega: \u201cLas reformas no pasar\u00e1n, compa\u00f1eros\u201d\u2026<\/p>\n\n\n\n<p>A las 21: 50 todo ha terminado. El hombre trajeado pregunta a su compa\u00f1ero: \u00bfD\u00f3nde va a ser la primera\u2026?<\/p>\n","protected":false},"excerpt":{"rendered":"<p>Willy L. Torres\/Zona Roja. Oaxaca de Ju\u00e1rez, Oax., a 31 de agosto de 2021.- Los&hellip;<\/p>\n","protected":false},"author":2,"featured_media":71968,"comment_status":"closed","ping_status":"open","sticky":false,"template":"","format":"standard","meta":{"_lmt_disableupdate":"","_lmt_disable":"","_jetpack_memberships_contains_paid_content":false,"footnotes":""},"categories":[109,46],"tags":[3707],"class_list":["post-71967","post","type-post","status-publish","format-standard","has-post-thumbnail","hentry","category-minuto-a-minuto","category-zona-blanca","tag-poder-judicial-de-la-federacion"],"jetpack_featured_media_url":"https:\/\/zonaroja.com.mx\/wp-content\/uploads\/2024\/08\/Marcha-poder-judicial-de-la-federacion-Oaxaca.jpg","jetpack_sharing_enabled":true,"_links":{"self":[{"href":"https:\/\/zonaroja.com.mx\/index.php?rest_route=\/wp\/v2\/posts\/71967","targetHints":{"allow":["GET"]}}],"collection":[{"href":"https:\/\/zonaroja.com.mx\/index.php?rest_route=\/wp\/v2\/posts"}],"about":[{"href":"https:\/\/zonaroja.com.mx\/index.php?rest_route=\/wp\/v2\/types\/post"}],"author":[{"embeddable":true,"href":"https:\/\/zonaroja.com.mx\/index.php?rest_route=\/wp\/v2\/users\/2"}],"replies":[{"embeddable":true,"href":"https:\/\/zonaroja.com.mx\/index.php?rest_route=%2Fwp%2Fv2%2Fcomments&post=71967"}],"version-history":[{"count":1,"href":"https:\/\/zonaroja.com.mx\/index.php?rest_route=\/wp\/v2\/posts\/71967\/revisions"}],"predecessor-version":[{"id":71969,"href":"https:\/\/zonaroja.com.mx\/index.php?rest_route=\/wp\/v2\/posts\/71967\/revisions\/71969"}],"wp:featuredmedia":[{"embeddable":true,"href":"https:\/\/zonaroja.com.mx\/index.php?rest_route=\/wp\/v2\/media\/71968"}],"wp:attachment":[{"href":"https:\/\/zonaroja.com.mx\/index.php?rest_route=%2Fwp%2Fv2%2Fmedia&parent=71967"}],"wp:term":[{"taxonomy":"category","embeddable":true,"href":"https:\/\/zonaroja.com.mx\/index.php?rest_route=%2Fwp%2Fv2%2Fcategories&post=71967"},{"taxonomy":"post_tag","embeddable":true,"href":"https:\/\/zonaroja.com.mx\/index.php?rest_route=%2Fwp%2Fv2%2Ftags&post=71967"}],"curies":[{"name":"wp","href":"https:\/\/api.w.org\/{rel}","templated":true}]}}