{"id":71970,"date":"2024-08-31T09:27:00","date_gmt":"2024-08-31T15:27:00","guid":{"rendered":"https:\/\/zonaroja.com.mx\/?p=71970"},"modified":"2024-08-31T07:30:29","modified_gmt":"2024-08-31T13:30:29","slug":"escala-violencia-en-chiapas-ahora-asesinan-a-mando-militar","status":"publish","type":"post","link":"https:\/\/zonaroja.com.mx\/?p=71970","title":{"rendered":"Escala violencia en Chiapas, ahora asesinan a mando militar"},"content":{"rendered":"\n<p>Redacci\u00f3n\/Zona Roja Cdmx. Foto: \u201cLa Jornada\u201d<\/p>\n\n\n\n<p>Ciudad de M\u00e9xico, a 31 de agosto de 2024.- Un militar muri\u00f3 en la carretera Tuxtla Guti\u00e9rrez-Ocozocoautla, en el centro de Chiapas, luego de ser atacado a balazos, informaron fuentes de seguridad.<\/p>\n\n\n\n<p>De acuerdo con documentos hallados en el lugar de los hechos, la v\u00edctima fue identificada como Subteniente de Artiller\u00eda Jorge Israel Mar\u00edn Delgado, perteneciente a la Secretar\u00eda de la Defensa Nacional.<\/p>\n\n\n\n<p>El oficial viajaba en un veh\u00edculo tipo Jetta color blanco cuando recibi\u00f3 m\u00faltiples disparos de arma de fuego por parte de hombres armados que huyeron del sitio.<\/p>\n\n\n\n<p>La unidad en la que viajaba el Subteniente se impact\u00f3 contra un muro de contenci\u00f3n y debido a los da\u00f1os se provoc\u00f3 un incendio que calcin\u00f3 el veh\u00edculo.<\/p>\n\n\n\n<p>Cuerpos de emergencia que acudieron a la escena del siniestro lograron rescatar el cuerpo sin vida del militar.<\/p>\n\n\n\n<p>Al lugar acudieron param\u00e9dicos de Protecci\u00f3n Civil, bomberos, Fiscal\u00eda General del Estado, agentes de la Guardia Nacional y del Ej\u00e9rcito Mexicano que ayudaron en las diligencias en la escena del crimen.<\/p>\n\n\n\n<p>Sin embargo, hasta la tarde de ayer ninguna autoridad ni estatal ni federal hab\u00eda emitido una versi\u00f3n oficial sobre el m\u00f3vil del homicidio.<\/p>\n\n\n\n<p>(Informaci\u00f3n de \u201cLa Jornada\u201d)<\/p>\n","protected":false},"excerpt":{"rendered":"<p>Redacci\u00f3n\/Zona Roja Cdmx. Foto: \u201cLa Jornada\u201d Ciudad de M\u00e9xico, a 31 de agosto de 2024.-&hellip;<\/p>\n","protected":false},"author":2,"featured_media":71971,"comment_status":"closed","ping_status":"open","sticky":false,"template":"","format":"standard","meta":{"_lmt_disableupdate":"","_lmt_disable":"","_jetpack_memberships_contains_paid_content":false,"footnotes":""},"categories":[109,51],"tags":[3686],"class_list":["post-71970","post","type-post","status-publish","format-standard","has-post-thumbnail","hentry","category-minuto-a-minuto","category-zona-roja","tag-crimen-organizado-en-chiapas"],"jetpack_featured_media_url":"https:\/\/zonaroja.com.mx\/wp-content\/uploads\/2024\/08\/Asesinan-a-militar-en-Chiapas.webp","jetpack_sharing_enabled":true,"_links":{"self":[{"href":"https:\/\/zonaroja.com.mx\/index.php?rest_route=\/wp\/v2\/posts\/71970","targetHints":{"allow":["GET"]}}],"collection":[{"href":"https:\/\/zonaroja.com.mx\/index.php?rest_route=\/wp\/v2\/posts"}],"about":[{"href":"https:\/\/zonaroja.com.mx\/index.php?rest_route=\/wp\/v2\/types\/post"}],"author":[{"embeddable":true,"href":"https:\/\/zonaroja.com.mx\/index.php?rest_route=\/wp\/v2\/users\/2"}],"replies":[{"embeddable":true,"href":"https:\/\/zonaroja.com.mx\/index.php?rest_route=%2Fwp%2Fv2%2Fcomments&post=71970"}],"version-history":[{"count":1,"href":"https:\/\/zonaroja.com.mx\/index.php?rest_route=\/wp\/v2\/posts\/71970\/revisions"}],"predecessor-version":[{"id":71972,"href":"https:\/\/zonaroja.com.mx\/index.php?rest_route=\/wp\/v2\/posts\/71970\/revisions\/71972"}],"wp:featuredmedia":[{"embeddable":true,"href":"https:\/\/zonaroja.com.mx\/index.php?rest_route=\/wp\/v2\/media\/71971"}],"wp:attachment":[{"href":"https:\/\/zonaroja.com.mx\/index.php?rest_route=%2Fwp%2Fv2%2Fmedia&parent=71970"}],"wp:term":[{"taxonomy":"category","embeddable":true,"href":"https:\/\/zonaroja.com.mx\/index.php?rest_route=%2Fwp%2Fv2%2Fcategories&post=71970"},{"taxonomy":"post_tag","embeddable":true,"href":"https:\/\/zonaroja.com.mx\/index.php?rest_route=%2Fwp%2Fv2%2Ftags&post=71970"}],"curies":[{"name":"wp","href":"https:\/\/api.w.org\/{rel}","templated":true}]}}