{"id":71973,"date":"2024-08-31T13:37:00","date_gmt":"2024-08-31T19:37:00","guid":{"rendered":"https:\/\/zonaroja.com.mx\/?p=71973"},"modified":"2024-08-31T07:38:20","modified_gmt":"2024-08-31T13:38:20","slug":"opinion-brecha-no-pueden-darle-espacios-en-el-periodico-a-mis-enemigos","status":"publish","type":"post","link":"https:\/\/zonaroja.com.mx\/?p=71973","title":{"rendered":"Opini\u00f3n. Brecha. \u201cNo pueden darle espacios en el peri\u00f3dico a mis enemigos\u00bb"},"content":{"rendered":"\n<p>El Andariego*<\/p>\n\n\n\n<p>Un&nbsp;patr\u00f3n furioso. Ninguna regla de diplomacia asom\u00f3 en esos minutos para amainar su actitud de buscapleito&nbsp;de cantina.<\/p>\n\n\n\n<p>-No, no, no. No pueden darle&nbsp;espacio en el peri\u00f3dico&nbsp;a mis enemigos. Y a ese muchacho no lo quiero en el diario.&nbsp;\u00a1Ah!&nbsp;Y&nbsp;ya me informaron que anda de rojillo con cancioncitas pendejas.&nbsp;&nbsp;<\/p>\n\n\n\n<p>Dos d\u00edas despu\u00e9s el subdirector intent\u00f3 mediar para saber sobre el enojo del due\u00f1o de la empresa.<\/p>\n\n\n\n<p>-\u00bfTiene cita? \u2013pregunt\u00f3 la secretaria en la entrada de la oficina.<\/p>\n\n\n\n<p>-No, no tengo.<\/p>\n\n\n\n<p>-Pues no podr\u00e1 pasar.<\/p>\n\n\n\n<p>Al tercer d\u00eda el subdirector fue citado&nbsp;para bajar las tensiones.<\/p>\n\n\n\n<p>-\u00bfSabes lo que han hecho?&#8230;&nbsp;\u00a1El gobernador es capaz de&nbsp;tooodo!<\/p>\n\n\n\n<p>-Lo \u00fanico que deseamos es hacer un periodismo \u00e1gil, cr\u00edtico y plural, que sea contrapeso del poder, que trascienda. \u2013Pudo revirar el directivo.&nbsp;<\/p>\n\n\n\n<p>En el escritorio notas subrayadas con plum\u00f3n&nbsp;de color&nbsp;amarillo.<\/p>\n\n\n\n<p>\u201cGabino&nbsp;Cu\u00e9&nbsp;y Javier&nbsp;Villaca\u00f1a&nbsp;se ostentan como profetas del cambio, pero cuando fueron funcionarios nunca demostraron su pasi\u00f3n que ahora dicen tener por Oaxaca\u201d \u2013declaraciones de Miguel&nbsp;Angel&nbsp;Guerrero Guti\u00e9rrez en esa \u00e9poca.<\/p>\n\n\n\n<p>Otra: \u201cLos pueblos tienen los gobiernos que se merecen; si los oaxaque\u00f1os \u2013los pocos que votaron\u2014y los muchos que no lo hicieron decidieron poner el gobierno municipal en manos de Di\u00f3doro&nbsp;Carrasco Altamirano \u00a1En horabuena! En lo personal mantengo mi opini\u00f3n sobre el se\u00f1or Gabino&nbsp;Cu\u00e9&nbsp;es un mis\u00f3gino&nbsp;y un t\u00edtere\u2026\u201d&nbsp;-expresiones de Ra\u00fal Castellanos Hern\u00e1ndez.<\/p>\n\n\n\n<p>-\u00bfQu\u00e9 pas\u00f3&nbsp;con ese chamaco? \u2013Indag\u00f3 el due\u00f1o del peri\u00f3dico.<\/p>\n\n\n\n<p>-Ya se fue&nbsp;se\u00f1or.<\/p>\n\n\n\n<p>A ciencia cierta no se conoci\u00f3 el pecado del irreverente reportero al&nbsp;quien&nbsp;se le recuerda por&nbsp;andar entonando&nbsp;canciones de protesta&nbsp;con ritmo salsero.&nbsp;<\/p>\n\n\n\n<p>\u201cVamos prendiendo la mecha a la bomba\/&nbsp;\u00a1\u00bfPorqu\u00e9?!&nbsp;Porque ya est\u00e1 prepara\/&nbsp;C\u00e1mara de diputados, tambi\u00e9n&nbsp;la senadores\/&nbsp;una llena de tarados y otra llena de traidores\/&nbsp;Tarados de nacimiento y tambi\u00e9n por conveniencia\u2026\u201d&nbsp;<\/p>\n\n\n\n<p>Indiscutiblemente canciones de&nbsp;Jos\u00e9 de Molina. En la deducci\u00f3n:&nbsp;posible m\u00f3vil del despido.<\/p>\n\n\n\n<p>Es hora de un taco, all\u00e1 con do\u00f1a Lul\u00fa, con&nbsp;arroz,&nbsp;rajas&nbsp;con queso&nbsp;y escuchar sus canciones favoritas reproducidas en su destartalada grabadora Panasonic:<\/p>\n\n\n\n<p>\u201cLlorando me alej\u00e9\/&nbsp;con recuerdo en mi mente\/&nbsp;por tu amor dulce mujer\/&nbsp;que tu dijiste tenerme. Una lagrima rod\u00f3\/ una l\u00e1grima y un recuerdo\u2026\u201d<\/p>\n\n\n\n<p>Melod\u00edas&nbsp;del Grupo \u201cMiramar\u201d de Jos\u00e9&nbsp;Barette.<\/p>\n\n\n\n<p>Cosas de la vida\u2026<\/p>\n\n\n\n<p>*Periodista Raciel Mart\u00ednez Blas.<\/p>\n\n\n\n<p>racmar24@gmail.com<\/p>\n","protected":false},"excerpt":{"rendered":"<p>El Andariego* Un&nbsp;patr\u00f3n furioso. Ninguna regla de diplomacia asom\u00f3 en esos minutos para amainar su&hellip;<\/p>\n","protected":false},"author":2,"featured_media":71624,"comment_status":"closed","ping_status":"open","sticky":false,"template":"","format":"standard","meta":{"_lmt_disableupdate":"","_lmt_disable":"","_jetpack_memberships_contains_paid_content":false,"footnotes":""},"categories":[456,109],"tags":[4021],"class_list":["post-71973","post","type-post","status-publish","format-standard","has-post-thumbnail","hentry","category-columna","category-minuto-a-minuto","tag-brecha-raciel-martinez-blas"],"jetpack_featured_media_url":"https:\/\/zonaroja.com.mx\/wp-content\/uploads\/2024\/08\/Opinion.-Raciel-Martinez.jpg","jetpack_sharing_enabled":true,"_links":{"self":[{"href":"https:\/\/zonaroja.com.mx\/index.php?rest_route=\/wp\/v2\/posts\/71973","targetHints":{"allow":["GET"]}}],"collection":[{"href":"https:\/\/zonaroja.com.mx\/index.php?rest_route=\/wp\/v2\/posts"}],"about":[{"href":"https:\/\/zonaroja.com.mx\/index.php?rest_route=\/wp\/v2\/types\/post"}],"author":[{"embeddable":true,"href":"https:\/\/zonaroja.com.mx\/index.php?rest_route=\/wp\/v2\/users\/2"}],"replies":[{"embeddable":true,"href":"https:\/\/zonaroja.com.mx\/index.php?rest_route=%2Fwp%2Fv2%2Fcomments&post=71973"}],"version-history":[{"count":1,"href":"https:\/\/zonaroja.com.mx\/index.php?rest_route=\/wp\/v2\/posts\/71973\/revisions"}],"predecessor-version":[{"id":71974,"href":"https:\/\/zonaroja.com.mx\/index.php?rest_route=\/wp\/v2\/posts\/71973\/revisions\/71974"}],"wp:featuredmedia":[{"embeddable":true,"href":"https:\/\/zonaroja.com.mx\/index.php?rest_route=\/wp\/v2\/media\/71624"}],"wp:attachment":[{"href":"https:\/\/zonaroja.com.mx\/index.php?rest_route=%2Fwp%2Fv2%2Fmedia&parent=71973"}],"wp:term":[{"taxonomy":"category","embeddable":true,"href":"https:\/\/zonaroja.com.mx\/index.php?rest_route=%2Fwp%2Fv2%2Fcategories&post=71973"},{"taxonomy":"post_tag","embeddable":true,"href":"https:\/\/zonaroja.com.mx\/index.php?rest_route=%2Fwp%2Fv2%2Ftags&post=71973"}],"curies":[{"name":"wp","href":"https:\/\/api.w.org\/{rel}","templated":true}]}}