{"id":71975,"date":"2024-08-31T12:00:00","date_gmt":"2024-08-31T18:00:00","guid":{"rendered":"https:\/\/zonaroja.com.mx\/?p=71975"},"modified":"2024-08-31T07:44:06","modified_gmt":"2024-08-31T13:44:06","slug":"lunes-inician-en-oaxaca-capital-jornadas-medicas-quijotes-2024-todo-listo","status":"publish","type":"post","link":"https:\/\/zonaroja.com.mx\/?p=71975","title":{"rendered":"Lunes inician en Oaxaca capital Jornadas M\u00e9dicas \u201cQuijotes 2024\u201d; todo listo"},"content":{"rendered":"\n<p>Redacci\u00f3n\/Zona Roja.&nbsp;<\/p>\n\n\n\n<p>Oaxaca de Ju\u00e1rez, Oax., 31 de agosto de 2024.- La ma\u00f1ana de este viernes, el presidente municipal de Oaxaca de Ju\u00e1rez, Francisco Mart\u00ednez Neri, realiz\u00f3 un recorrido de supervisi\u00f3n por las instalaciones del Centro de Apoyo para el Desarrollo Infantil (CADI-CDC), sede de las Jornadas M\u00e9dicas \u201cQuijotes 2024\u201d, con el fin de constatar que la atenci\u00f3n que se brindar\u00e1 a miles de personas en ese lugar ser\u00e1 de muy alta calidad.&nbsp;<\/p>\n\n\n\n<p>Con la instalaci\u00f3n de todo el equipo necesario para asegurar que los pacientes reciban un servicio eficiente, se inaugurar\u00e1 la atenci\u00f3n el pr\u00f3ximo lunes 2 de septiembre y permanecer\u00e1n las actividades hasta el viernes 6 en el CADI &#8211; CDC, ubicado en Prolongaci\u00f3n de Nu\u00f1o del Mercado, n\u00famero 601, en la colonia Cosijoeza y se ofrecer\u00e1n de manera gratuita 17 especialidades m\u00e9dicas.<\/p>\n\n\n\n<p>Este esfuerzo, encabezado por &nbsp;la presidenta honoraria del DIF Municipal, Bernarda Gonz\u00e1lez Rivas, y respaldado por el primer concejal, busca brindar servicios m\u00e9dicos gratuitos a m\u00e1s de 3,000 personas, fortaleciendo el compromiso de la administraci\u00f3n municipal con el bienestar de las y los habitantes del municipio y sus alrededores.<\/p>\n\n\n\n<p>Durante el recorrido, Mart\u00ednez Neri expres\u00f3 su profundo agradecimiento a todas y todos los involucrados en la organizaci\u00f3n de este programa, especialmente a quienes colaboran en el DIF y en la Secretar\u00eda de Bienestar municipal destacando que las jornadas buscan mejorar la salud de hombres y mujeres de Oaxaca de Ju\u00e1rez y municipios cercanos.<\/p>\n\n\n\n<p>\u201cEste lunes, desde las 8:00 hasta las 17:00 horas, brindaremos servicios con m\u00e9dicos y especialistas de calidad al pueblo oaxaque\u00f1o. Los invitamos a registrarse y recibir atenci\u00f3n. Oaxaca de Ju\u00e1rez realiza un trabajo ejemplar en la atenci\u00f3n a las personas que lo requieren,\u201d enfatiz\u00f3 el edil.<\/p>\n\n\n\n<p>Por su parte, Bernarda Gonz\u00e1lez Rivas subray\u00f3 la importancia de la participaci\u00f3n comunitaria y el trabajo conjunto: \u201cEstamos emocionados porque el equipo del municipio, la ciudadan\u00eda, m\u00e9dicos, universidades y mercados se unen para arrancar con las Jornadas M\u00e9dicas \u2018Quijotes 2024\u2019\u201d.&nbsp;<\/p>\n\n\n\n<p>Como una acci\u00f3n destacada del personal altruista de esta jornada, se donar\u00e1n al 100% dentaduras completas o pr\u00f3tesis dentales parciales a quienes as\u00ed lo requieran. Para acceder a este beneficio ser\u00e1 necesario asistir a una valoraci\u00f3n previa el s\u00e1bado 31 de agosto de 10:00 a 13:00 horas en el CADI.<\/p>\n\n\n\n<p>\u00bfC\u00d3MO LLEGAR?<\/p>\n\n\n\n<p>Partiendo del Parque del Amor, hay que dirigirse hacia la Central de Abasto por la ribera del r\u00edo \u201cAtoyac\u201d (calle Constituyentes), hasta llegar a la zona &nbsp;donde se vende madera. La entrada al CADI se encuentra a un costado del local n\u00famero 6 de la zona de madera.<\/p>\n\n\n\n<p>Este es el tercer a\u00f1o consecutivo de las Jornadas \u201cM\u00e9dicas Quijotes\u201d y la Directora General del DIF Municipal, Yivsi Belem Nolasco Legaspi indic\u00f3 que hasta la fecha, m\u00e1s de 2,200 personas ya han recogido su pase gratuito, y se espera que el n\u00famero de beneficiarios supere los 3,000.<\/p>\n\n\n\n<p>Las Jornadas M\u00e9dicas \u201cQuijotes 2024\u201d &nbsp;demuestran el compromiso de la administraci\u00f3n municipal con el bienestar de la ciudadan\u00eda, adem\u00e1s de priorizar el acceso a servicios de salud de calidad a la poblaci\u00f3n en general, particularmente a los habitantes de Oaxaca de Ju\u00e1rez.<\/p>\n","protected":false},"excerpt":{"rendered":"<p>Redacci\u00f3n\/Zona Roja.&nbsp; Oaxaca de Ju\u00e1rez, Oax., 31 de agosto de 2024.- La ma\u00f1ana de este&hellip;<\/p>\n","protected":false},"author":2,"featured_media":71976,"comment_status":"closed","ping_status":"open","sticky":false,"template":"","format":"standard","meta":{"_lmt_disableupdate":"","_lmt_disable":"","_jetpack_memberships_contains_paid_content":false,"footnotes":""},"categories":[109,46],"tags":[148],"class_list":["post-71975","post","type-post","status-publish","format-standard","has-post-thumbnail","hentry","category-minuto-a-minuto","category-zona-blanca","tag-oaxaca-de-juarez"],"jetpack_featured_media_url":"https:\/\/zonaroja.com.mx\/wp-content\/uploads\/2024\/08\/Edil-Oaxaca-jornadas-quijotes.jpeg","jetpack_sharing_enabled":true,"_links":{"self":[{"href":"https:\/\/zonaroja.com.mx\/index.php?rest_route=\/wp\/v2\/posts\/71975","targetHints":{"allow":["GET"]}}],"collection":[{"href":"https:\/\/zonaroja.com.mx\/index.php?rest_route=\/wp\/v2\/posts"}],"about":[{"href":"https:\/\/zonaroja.com.mx\/index.php?rest_route=\/wp\/v2\/types\/post"}],"author":[{"embeddable":true,"href":"https:\/\/zonaroja.com.mx\/index.php?rest_route=\/wp\/v2\/users\/2"}],"replies":[{"embeddable":true,"href":"https:\/\/zonaroja.com.mx\/index.php?rest_route=%2Fwp%2Fv2%2Fcomments&post=71975"}],"version-history":[{"count":1,"href":"https:\/\/zonaroja.com.mx\/index.php?rest_route=\/wp\/v2\/posts\/71975\/revisions"}],"predecessor-version":[{"id":71977,"href":"https:\/\/zonaroja.com.mx\/index.php?rest_route=\/wp\/v2\/posts\/71975\/revisions\/71977"}],"wp:featuredmedia":[{"embeddable":true,"href":"https:\/\/zonaroja.com.mx\/index.php?rest_route=\/wp\/v2\/media\/71976"}],"wp:attachment":[{"href":"https:\/\/zonaroja.com.mx\/index.php?rest_route=%2Fwp%2Fv2%2Fmedia&parent=71975"}],"wp:term":[{"taxonomy":"category","embeddable":true,"href":"https:\/\/zonaroja.com.mx\/index.php?rest_route=%2Fwp%2Fv2%2Fcategories&post=71975"},{"taxonomy":"post_tag","embeddable":true,"href":"https:\/\/zonaroja.com.mx\/index.php?rest_route=%2Fwp%2Fv2%2Ftags&post=71975"}],"curies":[{"name":"wp","href":"https:\/\/api.w.org\/{rel}","templated":true}]}}