{"id":71978,"date":"2024-08-31T12:45:00","date_gmt":"2024-08-31T18:45:00","guid":{"rendered":"https:\/\/zonaroja.com.mx\/?p=71978"},"modified":"2024-08-31T07:48:07","modified_gmt":"2024-08-31T13:48:07","slug":"entrega-congreso-medalla-rodolfo-morales-a-destacados-artistas-oaxaquenos","status":"publish","type":"post","link":"https:\/\/zonaroja.com.mx\/?p=71978","title":{"rendered":"Entrega Congreso medalla \u00abRodolfo Morales\u00bb a destacados artistas oaxaque\u00f1os"},"content":{"rendered":"\n<p>Redacci\u00f3n\/Zona Roja.<\/p>\n\n\n\n<p>Oaxaca de Ju\u00e1rez, Oax., a 31 de agosto de 2024.- En sesi\u00f3n solemne, la 65 Legislatura local entreg\u00f3 la medalla \u00abRodolfo Morales\u00bb a los artistas Abelardo L\u00f3pez Moreno y Jos\u00e9 Garc\u00eda Antonio, para reconocer su trayectoria y por poner en alto el nombre de Oaxaca, a trav\u00e9s de sus obras que reflejan los paisajes y cultura del estado.<\/p>\n\n\n\n<p>El presidente de la Junta de Coordinaci\u00f3n Pol\u00edtica (Jucopo), Sergio L\u00f3pez S\u00e1nchez, afirm\u00f3 que esta medalla celebra el arte y el talento excepcional que enriquece la vida y cultura de Oaxaca, la cual lleva el nombre del \u00edcono de la creatividad y la innovaci\u00f3n.<\/p>\n\n\n\n<p>\u201cRodolfo Morales fue un artista, cuya visi\u00f3n y pasi\u00f3n transformaron el paisaje cultural de nuestro estado, su obra llena de color, vida y significado, no solo embelleci\u00f3 nuestro entorno, sino que tambi\u00e9n nos invit\u00f3 a reflexionar sobre nuestra identidad, historia y futuro; nos mostr\u00f3 que el arte es una herramienta poderosa para la comunicaci\u00f3n y conexi\u00f3n humana\u201d, destac\u00f3.<\/p>\n\n\n\n<p>Resalt\u00f3 que, con la entrega de este galard\u00f3n, no solo se celebra la memoria del oaxaque\u00f1o Rodolfo Morales, sino tambi\u00e9n se rinde homenaje a los artistas que, como \u00e9l, han destacado en este \u00e1mbito. &nbsp;&nbsp;<\/p>\n\n\n\n<p>\u201cNuestros galardonados han demostrado una maestr\u00eda \u00fanica en su disciplina, sus obras no s\u00f3lo destacan por su t\u00e9cnica impecable, sino tambi\u00e9n por su capacidad de tocar emociones y provocar pensamientos. Han llevado su arte m\u00e1s all\u00e1 de los l\u00edmites convencionales, explorando nuevas formas e ideas que enriquecen nuestro panorama cultural\u201d, expres\u00f3.<\/p>\n\n\n\n<p>Por su parte, el presidente de la Comisi\u00f3n Permanente de Culturas, Artes, Juventud, Cultura F\u00edsica y Deporte, Sesul Bola\u00f1os L\u00f3pez, manifest\u00f3 tambi\u00e9n su reconocimiento a los galardonados, ya que ambos han contribuido al fomento, desarrollo y a la difusi\u00f3n del arte oaxaque\u00f1o a nivel nacional e internacional.<\/p>\n\n\n\n<p>\u201cEste m\u00e9rito no solo se les otorga por su destacada trayectoria, sino tambi\u00e9n se reconocen las cualidades que tienen como persona, por el respeto a los dem\u00e1s, por el trabajo en equipo y sobre todo, por la inclusi\u00f3n y el amor al arte\u201d, resalt\u00f3.<\/p>\n\n\n\n<p>LOS GALARDONADOS<\/p>\n\n\n\n<p>El artista Abelardo L\u00f3pez Moreno, originario del municipio de San Bartolo Coyotepec, cuenta con una trayectoria de 46 a\u00f1os en el arte contempor\u00e1neo, donde ha destacado al ser el precursor del paisajismo en Oaxaca.<\/p>\n\n\n\n<p>Ha formado parte de diversas obras de beneficencia en favor de la comunidad oaxaque\u00f1a. Asimismo, cuenta con exposiciones individuales y colectivas presentadas a nivel estatal, nacional e internacional.<\/p>\n\n\n\n<p>Destaca tambi\u00e9n, la trayectoria del artesano invidente Jos\u00e9 Garc\u00eda Antonio, conocido como el se\u00f1or de las sirenas, por las piezas en barro que elabora.<\/p>\n\n\n\n<p>A pesar de contar con una discapacidad visual desde los 54 a\u00f1os, a causa del glaucoma, Garc\u00eda Antonio, originario de San Antonino Castillo Velasco, ha puesto en alto el nombre de Oaxaca por medio de su obra caracter\u00edstica por representar la cultura y tradiciones zapotecas, el arte prehisp\u00e1nico, animales y la naturaleza.<\/p>\n\n\n\n<p>Esta medalla es entregada a personas o asociaciones que, con su trayectoria y obras, han contribuido al desarrollo de la cultura y el arte en el estado de Oaxaca.<\/p>\n","protected":false},"excerpt":{"rendered":"<p>Redacci\u00f3n\/Zona Roja. Oaxaca de Ju\u00e1rez, Oax., a 31 de agosto de 2024.- En sesi\u00f3n solemne,&hellip;<\/p>\n","protected":false},"author":2,"featured_media":71979,"comment_status":"closed","ping_status":"open","sticky":false,"template":"","format":"standard","meta":{"_lmt_disableupdate":"","_lmt_disable":"","_jetpack_memberships_contains_paid_content":false,"footnotes":""},"categories":[109,46],"tags":[2743],"class_list":["post-71978","post","type-post","status-publish","format-standard","has-post-thumbnail","hentry","category-minuto-a-minuto","category-zona-blanca","tag-65-legislatura-del-estado-de-oaxaca"],"jetpack_featured_media_url":"https:\/\/zonaroja.com.mx\/wp-content\/uploads\/2024\/08\/Entrega-Congreso-medalla-Rodolfo-Morales-a-destacados-artistas-oaxaquenos_1.jpeg","jetpack_sharing_enabled":true,"_links":{"self":[{"href":"https:\/\/zonaroja.com.mx\/index.php?rest_route=\/wp\/v2\/posts\/71978","targetHints":{"allow":["GET"]}}],"collection":[{"href":"https:\/\/zonaroja.com.mx\/index.php?rest_route=\/wp\/v2\/posts"}],"about":[{"href":"https:\/\/zonaroja.com.mx\/index.php?rest_route=\/wp\/v2\/types\/post"}],"author":[{"embeddable":true,"href":"https:\/\/zonaroja.com.mx\/index.php?rest_route=\/wp\/v2\/users\/2"}],"replies":[{"embeddable":true,"href":"https:\/\/zonaroja.com.mx\/index.php?rest_route=%2Fwp%2Fv2%2Fcomments&post=71978"}],"version-history":[{"count":1,"href":"https:\/\/zonaroja.com.mx\/index.php?rest_route=\/wp\/v2\/posts\/71978\/revisions"}],"predecessor-version":[{"id":71980,"href":"https:\/\/zonaroja.com.mx\/index.php?rest_route=\/wp\/v2\/posts\/71978\/revisions\/71980"}],"wp:featuredmedia":[{"embeddable":true,"href":"https:\/\/zonaroja.com.mx\/index.php?rest_route=\/wp\/v2\/media\/71979"}],"wp:attachment":[{"href":"https:\/\/zonaroja.com.mx\/index.php?rest_route=%2Fwp%2Fv2%2Fmedia&parent=71978"}],"wp:term":[{"taxonomy":"category","embeddable":true,"href":"https:\/\/zonaroja.com.mx\/index.php?rest_route=%2Fwp%2Fv2%2Fcategories&post=71978"},{"taxonomy":"post_tag","embeddable":true,"href":"https:\/\/zonaroja.com.mx\/index.php?rest_route=%2Fwp%2Fv2%2Ftags&post=71978"}],"curies":[{"name":"wp","href":"https:\/\/api.w.org\/{rel}","templated":true}]}}