{"id":71982,"date":"2024-08-31T17:18:51","date_gmt":"2024-08-31T23:18:51","guid":{"rendered":"https:\/\/zonaroja.com.mx\/?p=71982"},"modified":"2024-08-31T17:18:53","modified_gmt":"2024-08-31T23:18:53","slug":"juez-federal-concede-suspension-contra-eventual-reforma-judicial","status":"publish","type":"post","link":"https:\/\/zonaroja.com.mx\/?p=71982","title":{"rendered":"Juez federal concede suspensi\u00f3n contra eventual Reforma Judicial"},"content":{"rendered":"\n<p>Redacci\u00f3n\/Zona Roja Cdmx.<\/p>\n\n\n\n<p>Ciudad de M\u00e9xico, a 31 de agosto de 2024.- El juez Tercero de Distrito de Amparo y Juicios Federales en el Estado de Chiapas, Felipe Consuelo Soto, concedi\u00f3 este s\u00e1bado una suspensi\u00f3n de oficio que busca detener la Reforma Judicial antes de que llegue a los congresos locales.<\/p>\n\n\n\n<p>La suspensi\u00f3n de oficio se emiti\u00f3 antes de que comience en la C\u00e1mara de Diputados y en la C\u00e1mara de Senadores, la discusi\u00f3n de los cambios constitucionales que permitir\u00edan la elecci\u00f3n de jueces, magistrados y ministros por voto popular.<\/p>\n\n\n\n<p>Lo anterior impedir\u00eda que, en caso de ser avalada la Reforma Judicial por el Congreso de la Uni\u00f3n, sea turnada a los estados para su aprobaci\u00f3n.&nbsp;<\/p>\n\n\n\n<p>\u201cResulta procedente conceder la suspensi\u00f3n de oficio respecto de los efectos y consecuencias de los actos reclamados, a fin de que las autoridades responsables que constituyen el Congreso de la Uni\u00f3n, esto es, C\u00e1mara de Diputados y C\u00e1mara de Senadores, en el \u00e1mbito de sus respectivas competencias, contin\u00faen con el proceso legislativo y en el caso de la eventual aprobaci\u00f3n del decreto de reforma constitucional que constituye la ra\u00edz del acto reclamado, se abstengan de enviarlo a las Legislaturas de los Estados y de la Ciudad de M\u00e9xico para la aprobaci\u00f3n correspondiente, hasta en tanto, se resuelva la suspensi\u00f3n definitiva\u201d, se\u00f1ala la resoluci\u00f3n.<\/p>\n\n\n\n<p>De esta forma, Felipe Consuelo Soto atendi\u00f3 la solicitud de amparo de jueces de Distrito que advierte sobre la vulnerabilidad en que quedar\u00edan los trabajadores de la carrera ministerial, pues no ser\u00eda posible restituirlos en su empleo, cargo o comisi\u00f3n, y quedar\u00edan en estado de indefensi\u00f3n, e incapacitados de restituir el goce de sus derechos.<\/p>\n\n\n\n<p>La suspensi\u00f3n se da en un \u00e1mbito de urgencia, pues en caso de que la reforma avance y se vuelva constitucional, ser\u00eda \u00abinatacable\u00bb.<\/p>\n\n\n\n<p>\u201cSi a los quejosos se les pretende cesar de sus cargos de jueces federales sin derecho de audiencia y sin derecho a indemnizaci\u00f3n alguna, bastando para ello reformar el texto de la Constituci\u00f3n, es claro que la suspensi\u00f3n debe otorgarse para efecto de que el acto que reclaman no se formalice en la norma suprema, pues de hacerse seria inatacable\u201d, indic\u00f3 el impartidor de justicia.<\/p>\n\n\n\n<p>(Informaci\u00f3n de \u201cExc\u00e9lsior\u201d)<\/p>\n","protected":false},"excerpt":{"rendered":"<p>Redacci\u00f3n\/Zona Roja Cdmx. Ciudad de M\u00e9xico, a 31 de agosto de 2024.- El juez Tercero&hellip;<\/p>\n","protected":false},"author":2,"featured_media":71598,"comment_status":"closed","ping_status":"open","sticky":false,"template":"","format":"standard","meta":{"_lmt_disableupdate":"","_lmt_disable":"","_jetpack_memberships_contains_paid_content":false,"footnotes":""},"categories":[109,46],"tags":[4027],"class_list":["post-71982","post","type-post","status-publish","format-standard","has-post-thumbnail","hentry","category-minuto-a-minuto","category-zona-blanca","tag-reforma-al-poder-judicial"],"jetpack_featured_media_url":"https:\/\/zonaroja.com.mx\/wp-content\/uploads\/2024\/08\/Paro-poder-judicial-de-la-federacion-1.jpeg","jetpack_sharing_enabled":true,"_links":{"self":[{"href":"https:\/\/zonaroja.com.mx\/index.php?rest_route=\/wp\/v2\/posts\/71982","targetHints":{"allow":["GET"]}}],"collection":[{"href":"https:\/\/zonaroja.com.mx\/index.php?rest_route=\/wp\/v2\/posts"}],"about":[{"href":"https:\/\/zonaroja.com.mx\/index.php?rest_route=\/wp\/v2\/types\/post"}],"author":[{"embeddable":true,"href":"https:\/\/zonaroja.com.mx\/index.php?rest_route=\/wp\/v2\/users\/2"}],"replies":[{"embeddable":true,"href":"https:\/\/zonaroja.com.mx\/index.php?rest_route=%2Fwp%2Fv2%2Fcomments&post=71982"}],"version-history":[{"count":1,"href":"https:\/\/zonaroja.com.mx\/index.php?rest_route=\/wp\/v2\/posts\/71982\/revisions"}],"predecessor-version":[{"id":71983,"href":"https:\/\/zonaroja.com.mx\/index.php?rest_route=\/wp\/v2\/posts\/71982\/revisions\/71983"}],"wp:featuredmedia":[{"embeddable":true,"href":"https:\/\/zonaroja.com.mx\/index.php?rest_route=\/wp\/v2\/media\/71598"}],"wp:attachment":[{"href":"https:\/\/zonaroja.com.mx\/index.php?rest_route=%2Fwp%2Fv2%2Fmedia&parent=71982"}],"wp:term":[{"taxonomy":"category","embeddable":true,"href":"https:\/\/zonaroja.com.mx\/index.php?rest_route=%2Fwp%2Fv2%2Fcategories&post=71982"},{"taxonomy":"post_tag","embeddable":true,"href":"https:\/\/zonaroja.com.mx\/index.php?rest_route=%2Fwp%2Fv2%2Ftags&post=71982"}],"curies":[{"name":"wp","href":"https:\/\/api.w.org\/{rel}","templated":true}]}}