{"id":7199,"date":"2020-01-02T07:47:09","date_gmt":"2020-01-02T13:47:09","guid":{"rendered":"http:\/\/www.zonaroja.com.mx\/?p=7199"},"modified":"2020-01-02T08:59:34","modified_gmt":"2020-01-02T14:59:34","slug":"dia-1-fatal-al-menos-cuatro-fallecidos-y-decenas-de-lesionados-por-accidentes","status":"publish","type":"post","link":"https:\/\/zonaroja.com.mx\/?p=7199","title":{"rendered":"D\u00eda 1 fatal: al menos cuatro fallecidos y decenas de lesionados por accidentes"},"content":{"rendered":"\n<p>Yuri Sosa\/Zona Roja.<\/p>\n\n\n\n<p>Oaxaca de Ju\u00e1rez, Oax., 2 de enero de 2020.- Un menor de tres a\u00f1os de edad falleci\u00f3 este 1 de enero a consecuencia de un accidente vial en la comunidad de San Blas Atempa, regi\u00f3n del Istmo, y por el cual la poblaci\u00f3n amenaz\u00f3 hacer justicia por propia mano.<\/p>\n\n\n\n<p>Este inicio de a\u00f1o los accidentes\ncarreteros se multiplicaron en diferentes partes de la entidad, que dejaron\ncomo saldo total la p\u00e9rdida de vida de al menos cuatro personas y decenas m\u00e1s\nlesionadas. Algunos provocados por conducir en estado de ebriedad, exceso de\nvelocidad o cansancio.<\/p>\n\n\n\n<p>Entre los hechos de este mi\u00e9rcoles se\ncontabiliz\u00f3 el de un hombre que conduc\u00eda una camioneta bajo los influjos del\nalcohol en San Blas; el conductor se impact\u00f3 contra el mototaxi en que viajaba\nel menor de edad que perdi\u00f3 la vida. As\u00ed como result\u00f3 lesionada una mujer.<\/p>\n\n\n\n<p>En Mat\u00edas Romero, en esa misma regi\u00f3n,\nun var\u00f3n de 82 a\u00f1os de edad, \u00c9lfego G., de 82 a\u00f1os, perdi\u00f3 la vida tras salir\nde la carretera el veh\u00edculo en que viajaba junto con otras tres personas\noriginarias de Reynosa, Tamaulipas, quieres fueron trasladadas para su atenci\u00f3n\nm\u00e9dica.<\/p>\n\n\n\n<p>En la comunidad de San Gabriel, tambi\u00e9n\nocurri\u00f3 un accidente mortal en el kil\u00f3metro 146 de la carretera Trans\u00edstmica.\nEl conductor de un autom\u00f3vil perdi\u00f3 control y sali\u00f3 de la carretera,\nocasion\u00e1ndole la muerte a un hombre de 52 a\u00f1os.<\/p>\n\n\n\n<p>En el accidente, otras tres personas,\nde 22 y 82 a\u00f1os de edad, resultaron lesionadas.<\/p>\n\n\n\n<p>Los hechos tr\u00e1gicos continuaron por la\ntarde sobre la v\u00eda federal 190 Oaxaca-Tehuantepec.<\/p>\n\n\n\n<p>En inmediaciones de la comunidad\nPortillo de Nejapa, en el kil\u00f3metro 146, se report\u00f3 el choque de un autob\u00fas de\npasajeros de la l\u00ednea OCC contra una camioneta particular.<\/p>\n\n\n\n<p>Al lugar arribaron elementos de emergencia para atender a las personas lesionadas.<\/p>\n\n\n\n<figure class=\"wp-block-embed-twitter wp-block-embed is-type-rich is-provider-twitter\"><div class=\"wp-block-embed__wrapper\">\n<div class=\"twitter-tweet\"><blockquote class=\"twitter-tweet\" data-lang=\"es\"><p lang=\"es\" dir=\"ltr\">Esta ma\u00f1ana en la avenida Ju\u00e1rez esquina con Murgu\u00eda, ciudad de Oaxaca, un autob\u00fas de pasajeros con n\u00famero A-599, embisti\u00f3 un auto compacto y se dio a la fuga. En el veh\u00edculo una persona prensada fue rescatada por personal de corporaciones de auxilio.  <br>Video de <a href=\"https:\/\/twitter.com\/Betillocruz?ref_src=twsrc%5Etfw\">@Betillocruz<\/a>. <a href=\"https:\/\/t.co\/zhb3wS3Usn\">pic.twitter.com\/zhb3wS3Usn<\/a><\/p>&mdash; Zona Roja Oaxaca (@MexRoja) <a href=\"https:\/\/twitter.com\/MexRoja\/status\/1212407411065131009?ref_src=twsrc%5Etfw\">1 de enero de 2020<\/a><\/blockquote><\/div>\n<\/div><\/figure>\n\n\n\n<p>En la regi\u00f3n de Valles Centrales, en\njurisdicci\u00f3n de San Pablo Etla, un motociclista derrap\u00f3 la madrugada de este\nmi\u00e9rcoles, caus\u00e1ndole la muerte al instante.<\/p>\n\n\n\n<p>En la capital del estado, un cami\u00f3n de\ntransporte urbano embisti\u00f3 a un veh\u00edculo sobre la avenida Ju\u00e1rez, en el que\nqued\u00f3 prensada una persona.<\/p>\n\n\n\n<p>El chofer del autob\u00fas A-559 se dio a la\nfuga, mientras que la Cruz Roja ocup\u00f3 equipo para liberar a una persona prensa.<\/p>\n","protected":false},"excerpt":{"rendered":"<p>Yuri Sosa\/Zona Roja. Oaxaca de Ju\u00e1rez, Oax., 2 de enero de 2020.- Un menor de&hellip;<\/p>\n","protected":false},"author":2,"featured_media":7200,"comment_status":"closed","ping_status":"open","sticky":false,"template":"","format":"standard","meta":{"_lmt_disableupdate":"","_lmt_disable":"","_jetpack_memberships_contains_paid_content":false,"footnotes":""},"categories":[109,51],"tags":[179],"class_list":["post-7199","post","type-post","status-publish","format-standard","has-post-thumbnail","hentry","category-minuto-a-minuto","category-zona-roja","tag-san-blas-atempa"],"jetpack_featured_media_url":"https:\/\/zonaroja.com.mx\/wp-content\/uploads\/2020\/01\/Accidente-Juchit\u00e1n.jpg","jetpack_sharing_enabled":true,"_links":{"self":[{"href":"https:\/\/zonaroja.com.mx\/index.php?rest_route=\/wp\/v2\/posts\/7199","targetHints":{"allow":["GET"]}}],"collection":[{"href":"https:\/\/zonaroja.com.mx\/index.php?rest_route=\/wp\/v2\/posts"}],"about":[{"href":"https:\/\/zonaroja.com.mx\/index.php?rest_route=\/wp\/v2\/types\/post"}],"author":[{"embeddable":true,"href":"https:\/\/zonaroja.com.mx\/index.php?rest_route=\/wp\/v2\/users\/2"}],"replies":[{"embeddable":true,"href":"https:\/\/zonaroja.com.mx\/index.php?rest_route=%2Fwp%2Fv2%2Fcomments&post=7199"}],"version-history":[{"count":2,"href":"https:\/\/zonaroja.com.mx\/index.php?rest_route=\/wp\/v2\/posts\/7199\/revisions"}],"predecessor-version":[{"id":7203,"href":"https:\/\/zonaroja.com.mx\/index.php?rest_route=\/wp\/v2\/posts\/7199\/revisions\/7203"}],"wp:featuredmedia":[{"embeddable":true,"href":"https:\/\/zonaroja.com.mx\/index.php?rest_route=\/wp\/v2\/media\/7200"}],"wp:attachment":[{"href":"https:\/\/zonaroja.com.mx\/index.php?rest_route=%2Fwp%2Fv2%2Fmedia&parent=7199"}],"wp:term":[{"taxonomy":"category","embeddable":true,"href":"https:\/\/zonaroja.com.mx\/index.php?rest_route=%2Fwp%2Fv2%2Fcategories&post=7199"},{"taxonomy":"post_tag","embeddable":true,"href":"https:\/\/zonaroja.com.mx\/index.php?rest_route=%2Fwp%2Fv2%2Ftags&post=7199"}],"curies":[{"name":"wp","href":"https:\/\/api.w.org\/{rel}","templated":true}]}}