{"id":71990,"date":"2024-09-01T08:50:00","date_gmt":"2024-09-01T14:50:00","guid":{"rendered":"https:\/\/zonaroja.com.mx\/?p=71990"},"modified":"2024-09-01T06:08:57","modified_gmt":"2024-09-01T12:08:57","slug":"anula-tribunal-electoral-una-eleccion-en-cdmx-quita-triunfo-a-panista","status":"publish","type":"post","link":"https:\/\/zonaroja.com.mx\/?p=71990","title":{"rendered":"Anula Tribunal Electoral una elecci\u00f3n en Cdmx; quita triunfo a panista"},"content":{"rendered":"\n<p>Redacci\u00f3n\/Zona Roja.<\/p>\n\n\n\n<p>Oaxaca de Ju\u00e1rez, Oax., a 1 de septiembre de 2024.- Despu\u00e9s de la anulaci\u00f3n de las elecciones en la alcald\u00eda Cuauht\u00e9moc de la Ciudad de M\u00e9xico, Alessandra Rojo de la Vega, candidata panista, ha respondido en Instagram sobre las acusaciones en su contra.&nbsp;<\/p>\n\n\n\n<p>Rojo de la Vega fue acusada de ejercer violencia pol\u00edtica de g\u00e9nero contra Catalina Monreal. La anulaci\u00f3n fue anunciada por el Tribunal Electoral de la Ciudad de M\u00e9xico durante una sesi\u00f3n p\u00fablica celebrada este s\u00e1bado y hace una hora vino la respuesta de Alessandra.<\/p>\n\n\n\n<p>Rojo de la Vega hab\u00eda sido declarada ganadora en los comicios del 2 de junio, pero la elecci\u00f3n fue revocada con el voto de calidad del magistrado Armando Ambriz, luego de un empate en la votaci\u00f3n del tribunal, con dos magistrados a favor y dos en contra de la nulidad. La sesi\u00f3n, seguida con inter\u00e9s por diversas fuerzas pol\u00edticas, tuvo como resultado inmediato la invalidaci\u00f3n de la constancia de mayor\u00eda previamente otorgada a la candidata del PAN.<\/p>\n\n\n\n<p>El fallo tambi\u00e9n afecta a los candidatos a concejal\u00edas de la coalici\u00f3n formada por los partidos Acci\u00f3n Nacional, Revolucionario Institucional y de la Revoluci\u00f3n Democr\u00e1tica, agrupados bajo la alianza Va por M\u00e9xico. La decisi\u00f3n de los magistrados implica que la constancia de dichos candidatos tambi\u00e9n ha sido revocada.<\/p>\n\n\n\n<p>El caso de violencia pol\u00edtica de g\u00e9nero en el que se sustent\u00f3 la nulidad se centra en las acciones que habr\u00edan sido ejercidas contra Catalina Monreal, candidata de Morena, durante el proceso electoral. La resoluci\u00f3n del tribunal busca sentar un precedente en la defensa de los derechos pol\u00edticos de las mujeres y en el combate a la violencia de g\u00e9nero en el \u00e1mbito electoral.<\/p>\n\n\n\n<p>El contexto de esta decisi\u00f3n se inserta en una din\u00e1mica de disputas y tensiones que han caracterizado las recientes elecciones en varias demarcaciones de la Ciudad de M\u00e9xico. La acusaci\u00f3n de violencia pol\u00edtica de g\u00e9nero pone en evidencia los retos persistentes para garantizar procesos electorales justos y equitativos en el pa\u00eds.<\/p>\n\n\n\n<p>La candidata panista se dirigi\u00f3 a sus vecinos y amigos de la alcald\u00eda Cuauht\u00e9moc de la Ciudad por medio de su Instagram (alessandrardlv) sobre lo ocurrido este s\u00e1bado. Rojo de la Vega, afirm\u00f3 que pudo m\u00e1s la presi\u00f3n pol\u00edtico ejercida por un grupo que el respeto a la democracia.&nbsp;<\/p>\n\n\n\n<p>Despu\u00e9s de la elecci\u00f3n del Tribunal Electoral de la Ciudad de M\u00e9xico, afirm\u00f3 que esta entidad viol\u00f3 los derechos de cientos de miles de personas que viven en la Cuauht\u00e9moc al anular su elecci\u00f3n.<\/p>\n\n\n\n<p>\u201cSeg\u00fan ellos, nombrar a alguien por su apellido, a Catalina Monreal, constituye un acto de violencia de g\u00e9nero, los compadres criminales contra la democracia hasta se inventaron un nuevo t\u00e9rmino el de \u2018familismo&#8217;.&nbsp;<\/p>\n\n\n\n<p>\u201cEsa fue la violencia que ejerc\u00ed, tantos a\u00f1os de luchar como feminista, de irme a las calles, de acompa\u00f1ar mujeres y no hab\u00eda escuchado ese termino, seg\u00fan ellos el informar que la candidata derrotada es parte de su familia, es violencia pol\u00edtica de genero\u201d dijo Rojo de la Vega.<\/p>\n\n\n\n<p>Afirma que esta entidad se ha burlado de la inteligencia de la gente intentando poner el caso de Catalina Monreal como protecci\u00f3n contra las mujeres. Las pruebas que present\u00f3 el tribunal tambi\u00e9n fueron criticadas por la panista (quejas interpuestas por la candidata de moreno y un dictamen en la v\u00eda penal en donde no tiene participaci\u00f3n) por acusarla de algo que ella no hizo.<\/p>\n\n\n\n<p>De igual manera confirm\u00f3 que se defender\u00e1 en las instancias superiores, afirmando que les corregir\u00e1n la plana por tercera ocasi\u00f3n. \u201cResistimos porque nuestra causa es justa, es moral y es democr\u00e1tica (&#8230;) Luchamos porque derrotamos al sistema corrupto\u201d reitero Alessandra.<\/p>\n\n\n\n<p>(Informaci\u00f3n de Infobae M\u00e9xico)<\/p>\n","protected":false},"excerpt":{"rendered":"<p>Redacci\u00f3n\/Zona Roja. Oaxaca de Ju\u00e1rez, Oax., a 1 de septiembre de 2024.- Despu\u00e9s de la&hellip;<\/p>\n","protected":false},"author":2,"featured_media":71991,"comment_status":"closed","ping_status":"open","sticky":false,"template":"","format":"standard","meta":{"_lmt_disableupdate":"","_lmt_disable":"","_jetpack_memberships_contains_paid_content":false,"footnotes":""},"categories":[109,47],"tags":[4048,4049],"class_list":["post-71990","post","type-post","status-publish","format-standard","has-post-thumbnail","hentry","category-minuto-a-minuto","category-zona-gris","tag-alessandra-rojo-de-la-vega","tag-catalina-monreal"],"jetpack_featured_media_url":"https:\/\/zonaroja.com.mx\/wp-content\/uploads\/2024\/09\/Alessandra-Rojo-de-la-Vega-y-Caty-Monreal.tiff","jetpack_sharing_enabled":true,"_links":{"self":[{"href":"https:\/\/zonaroja.com.mx\/index.php?rest_route=\/wp\/v2\/posts\/71990","targetHints":{"allow":["GET"]}}],"collection":[{"href":"https:\/\/zonaroja.com.mx\/index.php?rest_route=\/wp\/v2\/posts"}],"about":[{"href":"https:\/\/zonaroja.com.mx\/index.php?rest_route=\/wp\/v2\/types\/post"}],"author":[{"embeddable":true,"href":"https:\/\/zonaroja.com.mx\/index.php?rest_route=\/wp\/v2\/users\/2"}],"replies":[{"embeddable":true,"href":"https:\/\/zonaroja.com.mx\/index.php?rest_route=%2Fwp%2Fv2%2Fcomments&post=71990"}],"version-history":[{"count":1,"href":"https:\/\/zonaroja.com.mx\/index.php?rest_route=\/wp\/v2\/posts\/71990\/revisions"}],"predecessor-version":[{"id":71992,"href":"https:\/\/zonaroja.com.mx\/index.php?rest_route=\/wp\/v2\/posts\/71990\/revisions\/71992"}],"wp:featuredmedia":[{"embeddable":true,"href":"https:\/\/zonaroja.com.mx\/index.php?rest_route=\/wp\/v2\/media\/71991"}],"wp:attachment":[{"href":"https:\/\/zonaroja.com.mx\/index.php?rest_route=%2Fwp%2Fv2%2Fmedia&parent=71990"}],"wp:term":[{"taxonomy":"category","embeddable":true,"href":"https:\/\/zonaroja.com.mx\/index.php?rest_route=%2Fwp%2Fv2%2Fcategories&post=71990"},{"taxonomy":"post_tag","embeddable":true,"href":"https:\/\/zonaroja.com.mx\/index.php?rest_route=%2Fwp%2Fv2%2Ftags&post=71990"}],"curies":[{"name":"wp","href":"https:\/\/api.w.org\/{rel}","templated":true}]}}