{"id":71997,"date":"2024-09-01T09:20:00","date_gmt":"2024-09-01T15:20:00","guid":{"rendered":"https:\/\/zonaroja.com.mx\/?p=71997"},"modified":"2024-09-01T07:01:03","modified_gmt":"2024-09-01T13:01:03","slug":"registra-salina-cruz-dos-ataques-armados-este-domingo","status":"publish","type":"post","link":"https:\/\/zonaroja.com.mx\/?p=71997","title":{"rendered":"Registra salina Cruz dos ataques armados este domingo"},"content":{"rendered":"\n<p>Raymundo Morales\/Zona Roja. Foto: captura de pantalla<\/p>\n\n\n\n<p>Oaxaca de Ju\u00e1rez, Oax., a 1 de septiembre de 2024.- Dos ataques armados se registraron la madrugada de este domingo en el municipio istme\u00f1o de Salina Cruz y el saldo preliminar es de dos personas lesionadas.<\/p>\n\n\n\n<p>La primera agresi\u00f3n ocurri\u00f3 a un costado de la carretera federal 200, a la salida hacia la regi\u00f3n Costa, donde sujetos desconocidos dispararon en contra de un individuo.<\/p>\n\n\n\n<p>Param\u00e9dicos de la Cruz Roja Mexicana arribaron para atenderlo y trasladarlo a un hospital, mientras que corporaciones policiacas de los tres niveles montaron operativos de b\u00fasqueda de los agresores, sin \u00e9xito hasta ahora.<\/p>\n\n\n\n<p>Minutos despu\u00e9s, en la colonia Lomas de Galindo de Salina Cruz se suscit\u00f3 otra agresi\u00f3n armada ahora en contra de los ocupantes de una unidad de motor de servicio colectivo.<\/p>\n\n\n\n<p>De la misma manera, sujetos armados dispararon en contra del chofer del taxi, a\u00fan no identificado, tras lo cual huyeron, sin que hubiera polic\u00edas en la zona para detenerlo.<\/p>\n\n\n\n<p>La v\u00edctima fue atendida tambi\u00e9n por param\u00e9dicos y trasladada a un nosocomio, donde de manera preliminar se hab\u00eda informado que perdi\u00f3 la vida, versi\u00f3n que no ha sido confirmada de manera oficial.<\/p>\n\n\n\n<p>Elementos de la Vicefiscal\u00eda Regional del Istmo arribaron a la zona, para iniciar las indagatorias correspondientes.<\/p>\n","protected":false},"excerpt":{"rendered":"<p>Raymundo Morales\/Zona Roja. Foto: captura de pantalla Oaxaca de Ju\u00e1rez, Oax., a 1 de septiembre&hellip;<\/p>\n","protected":false},"author":2,"featured_media":71998,"comment_status":"closed","ping_status":"open","sticky":false,"template":"","format":"standard","meta":{"_lmt_disableupdate":"","_lmt_disable":"","_jetpack_memberships_contains_paid_content":false,"footnotes":""},"categories":[109,47],"tags":[4050],"class_list":["post-71997","post","type-post","status-publish","format-standard","has-post-thumbnail","hentry","category-minuto-a-minuto","category-zona-gris","tag-violencia-en-salina-cruz"],"jetpack_featured_media_url":"https:\/\/zonaroja.com.mx\/wp-content\/uploads\/2024\/09\/Balaceras-Salina-Cruz.jpg","jetpack_sharing_enabled":true,"_links":{"self":[{"href":"https:\/\/zonaroja.com.mx\/index.php?rest_route=\/wp\/v2\/posts\/71997","targetHints":{"allow":["GET"]}}],"collection":[{"href":"https:\/\/zonaroja.com.mx\/index.php?rest_route=\/wp\/v2\/posts"}],"about":[{"href":"https:\/\/zonaroja.com.mx\/index.php?rest_route=\/wp\/v2\/types\/post"}],"author":[{"embeddable":true,"href":"https:\/\/zonaroja.com.mx\/index.php?rest_route=\/wp\/v2\/users\/2"}],"replies":[{"embeddable":true,"href":"https:\/\/zonaroja.com.mx\/index.php?rest_route=%2Fwp%2Fv2%2Fcomments&post=71997"}],"version-history":[{"count":1,"href":"https:\/\/zonaroja.com.mx\/index.php?rest_route=\/wp\/v2\/posts\/71997\/revisions"}],"predecessor-version":[{"id":71999,"href":"https:\/\/zonaroja.com.mx\/index.php?rest_route=\/wp\/v2\/posts\/71997\/revisions\/71999"}],"wp:featuredmedia":[{"embeddable":true,"href":"https:\/\/zonaroja.com.mx\/index.php?rest_route=\/wp\/v2\/media\/71998"}],"wp:attachment":[{"href":"https:\/\/zonaroja.com.mx\/index.php?rest_route=%2Fwp%2Fv2%2Fmedia&parent=71997"}],"wp:term":[{"taxonomy":"category","embeddable":true,"href":"https:\/\/zonaroja.com.mx\/index.php?rest_route=%2Fwp%2Fv2%2Fcategories&post=71997"},{"taxonomy":"post_tag","embeddable":true,"href":"https:\/\/zonaroja.com.mx\/index.php?rest_route=%2Fwp%2Fv2%2Ftags&post=71997"}],"curies":[{"name":"wp","href":"https:\/\/api.w.org\/{rel}","templated":true}]}}