{"id":72000,"date":"2024-09-01T12:09:00","date_gmt":"2024-09-01T18:09:00","guid":{"rendered":"https:\/\/zonaroja.com.mx\/?p=72000"},"modified":"2024-09-01T07:12:36","modified_gmt":"2024-09-01T13:12:36","slug":"otorga-el-congreso-de-oaxaca-reconocimiento-legal-a-cronistas","status":"publish","type":"post","link":"https:\/\/zonaroja.com.mx\/?p=72000","title":{"rendered":"Otorga el Congreso de Oaxaca reconocimiento legal a cronistas"},"content":{"rendered":"\n<p>Redacci\u00f3n\/Zona Roja.<\/p>\n\n\n\n<p>Oaxaca de Ju\u00e1rez, Oax., a 1 de septiembre de 2024.- En sesi\u00f3n ordinaria reciente, las y los diputados de la 65 Legislatura aprobaron con 28 votos a favor la iniciativa de reforma a Ley de Desarrollo Cultural del Estado, as\u00ed como a la Ley Org\u00e1nica Municipal, presentada por la diputada Mariana Ben\u00edtez Tiburcio, para reconocer legalmente a las personas Cronistas del Estado, y con ello brindar las herramientas necesarias para desarrollar la cr\u00f3nica estatal desde una perspectiva de g\u00e9nero, interseccionalidad e interculturalidad.<\/p>\n\n\n\n<p>La congresista oaxaque\u00f1a explic\u00f3 el pasado mi\u00e9rcoles que su propuesta prev\u00e9 en la Ley de Desarrollo Cultural, as\u00ed como en la Ley Org\u00e1nica Municipal, el reconocimiento de las personas cronistas para especificar cu\u00e1les son los requisitos para su nombramiento, y establecer que deben de contar con un apoyo econ\u00f3mico y reconocer su trabajo que hacen a trav\u00e9s de las leyes.&nbsp;<\/p>\n\n\n\n<p>La diputada sostuvo que la labor de la persona cronista est\u00e1 ligada estrechamente a la promoci\u00f3n de la identidad estatal como tambi\u00e9n culturales y su trabajo es fundamental para fortalecer el sentido de pertenencia y el orgullo de ser oaxaque\u00f1os y oaxaque\u00f1as.<\/p>\n\n\n\n<p>\u201cEsta iniciativa contempla que su trabajo sea guiado por dos grandes directrices como son la perspectiva de g\u00e9nero, pero tambi\u00e9n la perspectiva de interculturalidad donde se reconozca el trabajo de nuestros pueblos, comunidades ind\u00edgenas y los pueblos afromexicanos\u201d, subray\u00f3. &nbsp;<\/p>\n\n\n\n<p>Mariana Ben\u00edtez declar\u00f3 que es importante prever en las leyes la actividad del Cronista, lo que hoy por hoy no estaba previsto ni regulado y no hab\u00eda un reconocimiento legal.<\/p>\n\n\n\n<p>Asimismo, dijo que el Congreso oaxaque\u00f1o se coloca a la vanguardia para fortalecer jur\u00eddicamente el trabajo de la cr\u00f3nica estatal. \u201cFigura que se convertir\u00e1 en una de las principales promotoras de nuestra identidad oaxaque\u00f1a\u201d, agreg\u00f3.<\/p>\n\n\n\n<p>Finalmente, la diputada agradeci\u00f3 el acompa\u00f1amiento para impulsar esta iniciativa de reforma, a las y los integrantes de la Asociaci\u00f3n Estatal de Cronistas del Estado, entre los que se destaca el Cronista de la Ciudad de Oaxaca de Ju\u00e1rez, Jorge Bueno S\u00e1nchez, las y los cronistas de Salina Cruz, Ciudad Ixtepec, Santa Cruz Xoxocotl\u00e1n, Tlacolula de Matamoros, San Pablo Etla, Teotitl\u00e1n del Valle, Huajuapan de Le\u00f3n y Santo Domingo Zanatepec.<\/p>\n","protected":false},"excerpt":{"rendered":"<p>Redacci\u00f3n\/Zona Roja. Oaxaca de Ju\u00e1rez, Oax., a 1 de septiembre de 2024.- En sesi\u00f3n ordinaria&hellip;<\/p>\n","protected":false},"author":2,"featured_media":72001,"comment_status":"closed","ping_status":"open","sticky":false,"template":"","format":"standard","meta":{"_lmt_disableupdate":"","_lmt_disable":"","_jetpack_memberships_contains_paid_content":false,"footnotes":""},"categories":[109,46],"tags":[2969],"class_list":["post-72000","post","type-post","status-publish","format-standard","has-post-thumbnail","hentry","category-minuto-a-minuto","category-zona-blanca","tag-mariana-benitez-tiburcio"],"jetpack_featured_media_url":"https:\/\/zonaroja.com.mx\/wp-content\/uploads\/2024\/09\/Mariana-Benitez-y-cronistas-de-Oaxaca.jpg","jetpack_sharing_enabled":true,"_links":{"self":[{"href":"https:\/\/zonaroja.com.mx\/index.php?rest_route=\/wp\/v2\/posts\/72000","targetHints":{"allow":["GET"]}}],"collection":[{"href":"https:\/\/zonaroja.com.mx\/index.php?rest_route=\/wp\/v2\/posts"}],"about":[{"href":"https:\/\/zonaroja.com.mx\/index.php?rest_route=\/wp\/v2\/types\/post"}],"author":[{"embeddable":true,"href":"https:\/\/zonaroja.com.mx\/index.php?rest_route=\/wp\/v2\/users\/2"}],"replies":[{"embeddable":true,"href":"https:\/\/zonaroja.com.mx\/index.php?rest_route=%2Fwp%2Fv2%2Fcomments&post=72000"}],"version-history":[{"count":1,"href":"https:\/\/zonaroja.com.mx\/index.php?rest_route=\/wp\/v2\/posts\/72000\/revisions"}],"predecessor-version":[{"id":72002,"href":"https:\/\/zonaroja.com.mx\/index.php?rest_route=\/wp\/v2\/posts\/72000\/revisions\/72002"}],"wp:featuredmedia":[{"embeddable":true,"href":"https:\/\/zonaroja.com.mx\/index.php?rest_route=\/wp\/v2\/media\/72001"}],"wp:attachment":[{"href":"https:\/\/zonaroja.com.mx\/index.php?rest_route=%2Fwp%2Fv2%2Fmedia&parent=72000"}],"wp:term":[{"taxonomy":"category","embeddable":true,"href":"https:\/\/zonaroja.com.mx\/index.php?rest_route=%2Fwp%2Fv2%2Fcategories&post=72000"},{"taxonomy":"post_tag","embeddable":true,"href":"https:\/\/zonaroja.com.mx\/index.php?rest_route=%2Fwp%2Fv2%2Ftags&post=72000"}],"curies":[{"name":"wp","href":"https:\/\/api.w.org\/{rel}","templated":true}]}}