{"id":72003,"date":"2024-09-01T11:00:00","date_gmt":"2024-09-01T17:00:00","guid":{"rendered":"https:\/\/zonaroja.com.mx\/?p=72003"},"modified":"2024-09-01T07:15:46","modified_gmt":"2024-09-01T13:15:46","slug":"suman-dos-amparos-contra-reformas-al-poder-judicial-de-la-federacion","status":"publish","type":"post","link":"https:\/\/zonaroja.com.mx\/?p=72003","title":{"rendered":"Suman dos amparos contra reformas al Poder Judicial de la Federaci\u00f3n"},"content":{"rendered":"\n<p>Redacci\u00f3n\/Zona Roja Cdmx.<\/p>\n\n\n\n<p>Ciudad de M\u00e9xico, a 1 de septiembre de 2024.- Dos juzgados federales otorgaron suspensiones que impiden por tiempo indefinido que la C\u00e1mara de Diputados apruebe el dictamen que reforma el Poder Judicial. Una de ellas ordena que no se analice ni se lleve a cabo la votaci\u00f3n del dictamen hasta que resuelva en definitiva el juicio; la segunda, que en caso de continuar con el proceso legislativo, no se envi\u00e9 el decreto a los congresos estatales para su aprobaci\u00f3n.<\/p>\n\n\n\n<p>La primera suspensi\u00f3n, concedida de \u201cplano\u201d fue otorgada por la jueza Martha Eugenia Maga\u00f1a L\u00f3pez, y la segunda fue otorgada por el juez Felipe Consuelo Soto, a cargo del juzgado tercero de distrito con sede en Chiapas.<\/p>\n\n\n\n<p>Ambas suspensiones detienen el proceso legislativo y su aprobaci\u00f3n que iniciar\u00eda este lunes. Pero la primera de ellas, otorgada dentro del expediente 1251\/2024 por parte del juzgado quinto de distrito con sede en Cuernavaca, Morelos, \u00f3rgano jurisdiccional a cargo de Maga\u00f1a L\u00f3pez, fue concedido para que \u201cno surta efectos para los quejosos, el proyecto de dictamen relativo a la iniciativa que reforma, adiciona y deroga diversas disposiciones de la Constituci\u00f3n Federal\u201d, lo cual implica \u201cque dicho proyecto en particular no podr\u00e1 ser discutido y votado por la C\u00e1mara de Diputados de la nueva legislatura\u201d.<\/p>\n\n\n\n<p>En el acuerdo emitido ayer dentro del juicio de amparo 1251\/2024, se se\u00f1ala que la suspensi\u00f3n es procedente pues \u201cen el momento que se encuentra el proceso legislativo (\u2026) es factible suspender el acto reclamado para analizarlo (\u2026) ya que la legalidad de las modificaciones propuestas no se han materializado\u201d<\/p>\n\n\n\n<p>Asimismo, sostiene que es consider\u00f3 procedente otorgar la suspensi\u00f3n ya que \u201cla afectaci\u00f3n a los quejosos se dar\u00e1 cuando culmine el procedimiento de reforma\u201d, es decir \u201cuna vez que el proyecto es discutido, votado y aprobado\u201d tanto por la C\u00e1mara de Diputados, y posteriormente por los congresos locales, y de conceder la protecci\u00f3n de la justicia federal cuando eso ocurra \u201cdejar\u00eda en completo estado de indefensi\u00f3n a los quejosos a quienes se propone destituir de sus cargos sin derecho de audiencia y sin que se establezcan las condiciones de una eventual indemnizaci\u00f3n\u201d.<\/p>\n\n\n\n<p>A\u00f1ade la resoluci\u00f3n que \u201csi a los quejosos se les pretende cesar de sus cargos de Jueces federales sin derecho de audiencia y sin derecho a indemnizaci\u00f3n alguna, bastando para ello reformar el texto de la Constituci\u00f3n, es claro que la suspensi\u00f3n debe otorgarse para efecto de que el acto que reclaman no se formalice en la norma suprema (la Constituci\u00f3n), pues de hacerse seria inatacable\u201d.<\/p>\n\n\n\n<p>Por otra parte, el juzgado tercero de distrito con sede en Chiapas, a cargo de Felipe Consuelo Soto, concedi\u00f3 una suspensi\u00f3n para que en caso de que el Congreso de la Uni\u00f3n apruebe la reforma al Poder Judicial, sus resolutivos no sean enviados para su aprobaci\u00f3n a los congresos locales, hasta en tanto resuelva de fondo si se concede la suspensi\u00f3n definitiva, pues considera que \u201cde permitirse la culminaci\u00f3n del proceso legislativo reclamado, el juicio de amparo del que deriva este incidente quedar\u00eda sin materia, pues ser\u00eda imposible reparar los perjuicios ocasionados a los derechos humanos que los quejosos consideran violados, dado que el art\u00edculo 61, fracci\u00f3n I, de la Ley de Amparo, establece la improcedencia del juicio respectivo contra adiciones o reformas a la Constituci\u00f3n\u201d.<\/p>\n\n\n\n<p>En la resoluci\u00f3n, que no ha sido colocada en la lista de acuerdos del Consejo de la Judicatura Federal (CJF), se\u00f1ala que \u201cresulta procedente conceder la suspensi\u00f3n de oficio respecto de los efectos y consecuencias de los actos reclamados, a fin de que las autoridades responsables constituyen el Congreso de la Uni\u00f3n, esto es la C\u00e1mara de Diputados y C\u00e1mara de Senadores, en el \u00e1mbito de sus competencias, contin\u00faen con el proceso legislativo y en caso de la eventual aprobaci\u00f3n del decreto de reforma constitucional que constituye la ra\u00edz del acto reclamado, se abstengan de enviarlo a las legislaturas de los estados y de la Ciudad de M\u00e9xico para la aprobaci\u00f3n correspondiente, hasta en tanto, se resuelva la suspensi\u00f3n definitiva\u201d.<\/p>\n\n\n\n<p>RECIBIDOS<\/p>\n\n\n\n<p>Este s\u00e1bado, el \u00e1rea jur\u00eddica de la C\u00e1mara de Diputados recibi\u00f3 del Juzgado D\u00e9cimo de Distrito en materia administrativa los oficios de los juicios de amparo que buscan evitar que prosiga la discusi\u00f3n de la reforma al Poder Judicial.<\/p>\n\n\n\n<p>Los oficios con anexos \u201ccontienen incidentes de suspensi\u00f3n de los juicios de amparo 1190\/2024\u2013XVI y 1251\/2024, promovidos por los juzgados Tercero de Chiapas y Quinto de Morelos, para que el Congreso de la Uni\u00f3n, mediante sus dos c\u00e1maras, y la Comisi\u00f3n de Puntos Constitucionales de la C\u00e1mara de Diputados, as\u00ed como las legislaturas de los estados, contin\u00faen con la discusi\u00f3n y aprobaci\u00f3n de reformas a la Constituci\u00f3n Pol\u00edtica relativas al Poder Judicial\u201d, detall\u00f3 la C\u00e1mara en un breve comunicado.<\/p>\n\n\n\n<p>(Informaci\u00f3n de \u201cLa Jornada\u201d)<\/p>\n","protected":false},"excerpt":{"rendered":"<p>Redacci\u00f3n\/Zona Roja Cdmx. Ciudad de M\u00e9xico, a 1 de septiembre de 2024.- Dos juzgados federales&hellip;<\/p>\n","protected":false},"author":2,"featured_media":72004,"comment_status":"closed","ping_status":"open","sticky":false,"template":"","format":"standard","meta":{"_lmt_disableupdate":"","_lmt_disable":"","_jetpack_memberships_contains_paid_content":false,"footnotes":""},"categories":[109,49],"tags":[3707],"class_list":["post-72003","post","type-post","status-publish","format-standard","has-post-thumbnail","hentry","category-minuto-a-minuto","category-zona-fresa","tag-poder-judicial-de-la-federacion"],"jetpack_featured_media_url":"https:\/\/zonaroja.com.mx\/wp-content\/uploads\/2024\/09\/Protesta-Poder-Judicial-de-la-Federacion.jpg","jetpack_sharing_enabled":true,"_links":{"self":[{"href":"https:\/\/zonaroja.com.mx\/index.php?rest_route=\/wp\/v2\/posts\/72003","targetHints":{"allow":["GET"]}}],"collection":[{"href":"https:\/\/zonaroja.com.mx\/index.php?rest_route=\/wp\/v2\/posts"}],"about":[{"href":"https:\/\/zonaroja.com.mx\/index.php?rest_route=\/wp\/v2\/types\/post"}],"author":[{"embeddable":true,"href":"https:\/\/zonaroja.com.mx\/index.php?rest_route=\/wp\/v2\/users\/2"}],"replies":[{"embeddable":true,"href":"https:\/\/zonaroja.com.mx\/index.php?rest_route=%2Fwp%2Fv2%2Fcomments&post=72003"}],"version-history":[{"count":1,"href":"https:\/\/zonaroja.com.mx\/index.php?rest_route=\/wp\/v2\/posts\/72003\/revisions"}],"predecessor-version":[{"id":72005,"href":"https:\/\/zonaroja.com.mx\/index.php?rest_route=\/wp\/v2\/posts\/72003\/revisions\/72005"}],"wp:featuredmedia":[{"embeddable":true,"href":"https:\/\/zonaroja.com.mx\/index.php?rest_route=\/wp\/v2\/media\/72004"}],"wp:attachment":[{"href":"https:\/\/zonaroja.com.mx\/index.php?rest_route=%2Fwp%2Fv2%2Fmedia&parent=72003"}],"wp:term":[{"taxonomy":"category","embeddable":true,"href":"https:\/\/zonaroja.com.mx\/index.php?rest_route=%2Fwp%2Fv2%2Fcategories&post=72003"},{"taxonomy":"post_tag","embeddable":true,"href":"https:\/\/zonaroja.com.mx\/index.php?rest_route=%2Fwp%2Fv2%2Ftags&post=72003"}],"curies":[{"name":"wp","href":"https:\/\/api.w.org\/{rel}","templated":true}]}}