{"id":72006,"date":"2024-09-01T11:00:00","date_gmt":"2024-09-01T17:00:00","guid":{"rendered":"https:\/\/zonaroja.com.mx\/?p=72006"},"modified":"2024-09-01T07:22:13","modified_gmt":"2024-09-01T13:22:13","slug":"declara-cabildo-septiembre-mes-patrio-en-oaxaca-de-juarez","status":"publish","type":"post","link":"https:\/\/zonaroja.com.mx\/?p=72006","title":{"rendered":"Declara Cabildo \u201cSeptiembre mes patrio\u201d en Oaxaca de Ju\u00e1rez"},"content":{"rendered":"\n<p>Redacci\u00f3n\/Zona Roja.&nbsp;<\/p>\n\n\n\n<p>Oaxaca de Ju\u00e1rez, Oax., a 1 de septiembre de 2024.- En reciente sesi\u00f3n ordinaria de Cabildo, el ayuntamiento de Oaxaca de Ju\u00e1rez aprob\u00f3 por unanimidad el punto de acuerdo en el cual se declara \u201cSeptiembre mes patrio\u201d en el municipio.&nbsp;<\/p>\n\n\n\n<p>El punto de acuerdo presentado por las&nbsp;regidur\u00edas&nbsp;de Seguridad Ciudadana y Movilidad y Agencias y Colonias, y de Igualdad de G\u00e9nero y de la Ciudad Educadora, consiste en llevar a cabo el&nbsp;izamiento&nbsp;y honores a la Bandera Nacional, en el marco del mes patrio.<\/p>\n\n\n\n<p>Por lo anterior, las ceremonias se llevar\u00e1n a cabo los d\u00edas 2, 9, 16, 23 y 30 de septiembre del a\u00f1o 2024 en la Plaza de la Danza, a las 07:00 horas.&nbsp;<\/p>\n\n\n\n<p>En ese contexto el pr\u00f3ximo 2 de septiembre, integrantes del Cabildo, funcionarios municipales y autoridades auxiliares rendir\u00e1n honores al&nbsp;l\u00e1baro patrio. Posteriormente, el 9 de septiembre participar\u00e1 personal de las secretar\u00edas de Tesorer\u00eda Municipal, Obras P\u00fablicas y Desarrollo Urbano, de Gobierno, as\u00ed como del Instituto Municipal del Deporte y de la Coordinaci\u00f3n de Comunicaci\u00f3n Social.&nbsp;<\/p>\n\n\n\n<p>En lo conducente, el 16 de septiembre participar\u00e1n en la ceremonias colaboradores de las secretar\u00edas de Recursos Humanos y Materiales, Seguridad Ciudadana, Movilidad y Protecci\u00f3n Civil, Servicios Municipales, as\u00ed como del Instituto Municipal de las Lenguas Ind\u00edgenas y del Comit\u00e9 Municipal del Sistema DIF.&nbsp;<\/p>\n\n\n\n<p>Asimismo, el pr\u00f3ximo 23 de septiembre personal de las secretar\u00edas de Bienestar, de Desarrollo Econ\u00f3mico, de Fomento Tur\u00edstico, el \u00d3rgano de Control Interno y el Instituto Municipal de la Mujer se sumar\u00e1n a la ceremonia c\u00edvica en cumplimiento al citado punto de acuerdo.&nbsp;<\/p>\n\n\n\n<p>Por \u00faltimo, el 30 de septiembre el acto c\u00edvico contar\u00e1 con la participaci\u00f3n de colaboradores municipales adscritos a las secretar\u00edas de Arte y Cultura, Medio Ambiente y Cambio Clim\u00e1tico, as\u00ed como de la Coordinaci\u00f3n de la Ciudad Educadora, Secretar\u00eda T\u00e9cnica y Consejer\u00eda Jur\u00eddica .<\/p>\n\n\n\n<p>Con estas actividades, el ayuntamiento de Oaxaca de Ju\u00e1rez que encabeza el edil, Francisco Mart\u00ednez Neri, hace patente el compromiso de fomentar la identidad nacional y el respeto por los&nbsp;l\u00e1baros&nbsp;patrios entre las y los capitalinos.<\/p>\n","protected":false},"excerpt":{"rendered":"<p>Redacci\u00f3n\/Zona Roja.&nbsp; Oaxaca de Ju\u00e1rez, Oax., a 1 de septiembre de 2024.- En reciente sesi\u00f3n&hellip;<\/p>\n","protected":false},"author":2,"featured_media":72007,"comment_status":"closed","ping_status":"open","sticky":false,"template":"","format":"standard","meta":{"_lmt_disableupdate":"","_lmt_disable":"","_jetpack_memberships_contains_paid_content":false,"footnotes":""},"categories":[109,46],"tags":[148],"class_list":["post-72006","post","type-post","status-publish","format-standard","has-post-thumbnail","hentry","category-minuto-a-minuto","category-zona-blanca","tag-oaxaca-de-juarez"],"jetpack_featured_media_url":"https:\/\/zonaroja.com.mx\/wp-content\/uploads\/2024\/09\/Mes-de-la-patria.jpg","jetpack_sharing_enabled":true,"_links":{"self":[{"href":"https:\/\/zonaroja.com.mx\/index.php?rest_route=\/wp\/v2\/posts\/72006","targetHints":{"allow":["GET"]}}],"collection":[{"href":"https:\/\/zonaroja.com.mx\/index.php?rest_route=\/wp\/v2\/posts"}],"about":[{"href":"https:\/\/zonaroja.com.mx\/index.php?rest_route=\/wp\/v2\/types\/post"}],"author":[{"embeddable":true,"href":"https:\/\/zonaroja.com.mx\/index.php?rest_route=\/wp\/v2\/users\/2"}],"replies":[{"embeddable":true,"href":"https:\/\/zonaroja.com.mx\/index.php?rest_route=%2Fwp%2Fv2%2Fcomments&post=72006"}],"version-history":[{"count":1,"href":"https:\/\/zonaroja.com.mx\/index.php?rest_route=\/wp\/v2\/posts\/72006\/revisions"}],"predecessor-version":[{"id":72008,"href":"https:\/\/zonaroja.com.mx\/index.php?rest_route=\/wp\/v2\/posts\/72006\/revisions\/72008"}],"wp:featuredmedia":[{"embeddable":true,"href":"https:\/\/zonaroja.com.mx\/index.php?rest_route=\/wp\/v2\/media\/72007"}],"wp:attachment":[{"href":"https:\/\/zonaroja.com.mx\/index.php?rest_route=%2Fwp%2Fv2%2Fmedia&parent=72006"}],"wp:term":[{"taxonomy":"category","embeddable":true,"href":"https:\/\/zonaroja.com.mx\/index.php?rest_route=%2Fwp%2Fv2%2Fcategories&post=72006"},{"taxonomy":"post_tag","embeddable":true,"href":"https:\/\/zonaroja.com.mx\/index.php?rest_route=%2Fwp%2Fv2%2Ftags&post=72006"}],"curies":[{"name":"wp","href":"https:\/\/api.w.org\/{rel}","templated":true}]}}