{"id":72012,"date":"2024-09-01T18:19:55","date_gmt":"2024-09-02T00:19:55","guid":{"rendered":"https:\/\/zonaroja.com.mx\/?p=72012"},"modified":"2024-09-01T18:19:58","modified_gmt":"2024-09-02T00:19:58","slug":"opinion-tribunal-de-oaxaca-una-bomba-por-estallar","status":"publish","type":"post","link":"https:\/\/zonaroja.com.mx\/?p=72012","title":{"rendered":"Opini\u00f3n. Tribunal de Oaxaca una bomba por estallar"},"content":{"rendered":"\n<p>Soledad Jarqu\u00edn Edgar*SemM\u00e9xico.<\/p>\n\n\n\n<p>En las pr\u00f3ximas horas o d\u00edas, el Tribunal Superior de Justicia de Oaxaca a trav\u00e9s de la Sala de Justicia Ind\u00edgena y Quinta Sala Penal deber\u00e1 resolver si confirma, modifica o revoca la sentencia de 2022 contra la ex alcaldesa de Nochixtl\u00e1n, Lizbeth Victoria Huerta, quien fue llevada a juicio por la desaparici\u00f3n de la defensora de derechos humanos Claudia Uruchurtu Cruz en 2021.<\/p>\n\n\n\n<p>Ayer se realiz\u00f3 un foro a prop\u00f3sito del D\u00eda Internacional de las Personas Desaparecidas que se conmemora el 30 de agosto, donde de nueva cuenta se puso sobre la mesa la desaparici\u00f3n de la activista que investig\u00f3 malversaciones por parte de la presidenta, por decirlo de alguna manera. Hoy circula una noticia, un chivatazo, una filtraci\u00f3n, seg\u00fan me dicen, de que la ex alcaldesa ser\u00e1 liberada por instrucciones del gobernador de Oaxaca Salom\u00f3n Jara Cruz, no est\u00e1 dem\u00e1s decir que son amigos.<\/p>\n\n\n\n<p>Alguna vez, la presidenta municipal y la defensora se vieron cara a cara, esto ocurri\u00f3 cuando Uruchurtu plante\u00f3 un problema urbano y solicit\u00f3 la intervenci\u00f3n de Victoria Huerta, quien se\u00f1al\u00f3 que no hab\u00eda recursos p\u00fablicos. Ese fue el inicio de dos vidas paralelas, una termin\u00f3 en tragedia el 26 de marzo del 2021 cuando subalternos de la alcaldesa y polic\u00edas municipales, secuestraron a la activista, unos meses despu\u00e9s se declar\u00f3 desde la oficialidad que hab\u00eda sido asesinada, aunque el cuerpo a\u00fan sigue desaparecido. Ese mismo a\u00f1o, la presidenta y sus colaboradores fueron detenidos.<\/p>\n\n\n\n<p>Circunstancialmente el caso vuelve a estar en el ojo p\u00fablico, el Tribunal de Oaxaca que apenas est\u00e1 librando los raspones y entredichos en los que cay\u00f3, cuando un juez liber\u00f3 a Juan Vera Carrizal, acusado de ser autor intelectual del intento de feminicidio en contra de Mar\u00eda Elena R\u00edos Ortiz, pero ese mismo d\u00eda de agosto&nbsp; otra juez cancel\u00f3 la boleta de liberaci\u00f3n, para reponer la audiencia en el tribunal de enjuiciamiento cuya fecha est\u00e1 pr\u00f3xima.&nbsp;<\/p>\n\n\n\n<p>Ahora el Tribunal debe emitir una resoluci\u00f3n. Ya libr\u00f3 una cuando se le orden\u00f3 que no hab\u00eda lugar a la reposici\u00f3n del juicio por la desaparici\u00f3n de Claudia Uruchurtu Cruz, por revictimizante hacia la familia de la defensora, lo que sucedi\u00f3 apenas el 12 de julio, ahora tiene en sus manos lo que ya expuse antes: confirma, modifica o revoca la sentencia de 2022 \u00a1bum!<\/p>\n\n\n\n<p>En el foro, la familia Uruchurtu Cruz, a trav\u00e9s de Elizabeth, dej\u00f3 claro que esperan que en su actuar el Tribunal no revoque la sentencia, lo que dar\u00eda lugar a la libertad inmediata de implicados, autores intelectuales y materiales, sino por el contrario se incrementen las penas a las personas implicadas y en espec\u00edfico a la ex mun\u00edcipe morenista.&nbsp;<\/p>\n\n\n\n<p>Es preciso recordar que m\u00e1gicamente, la jueza del Tribunal de Enjuiciamiento, Mar\u00eda Teresa Quevedo S\u00e1nchez, al dictar su fallo se\u00f1al\u00f3 que Victoria Huerta era autora material. Tambi\u00e9n tard\u00f3 m\u00e1s de 24 horas en emitir la sentencia, lo que es considerado como una violaci\u00f3n a los derechos de los victimarios, as\u00ed que ocho d\u00edas despu\u00e9s al dar a conocer la sentencia cambi\u00f3 de opini\u00f3n y la acusaron de \u201cautora intelectual\u201d se borr\u00f3 y pas\u00f3 a \u201cobstrucci\u00f3n de las investigaciones\u201d, por lo que solo pagar\u00eda una pena de prisi\u00f3n de cuatro a\u00f1os dos meses. A sus subalternos, que por cierto recib\u00edan \u00f3rdenes directas de ella, les dieron una sentencia que supera en algunos casos los 40 a\u00f1os y en otro, en el autor material, 60 a\u00f1os de prisi\u00f3n.&nbsp;<\/p>\n\n\n\n<p>El mundo lo supo entonces, aqu\u00ed estaba la mano amiga de Salom\u00f3n Jara Cruz, quien apenas hab\u00eda protestado en el Congreso de Oaxaca, cumplir y hacer cumplir la Constituci\u00f3n Pol\u00edtica del Estado y, tambi\u00e9n, las leyes que de ella emanaran. Por supuesto el gobernador nunca reconocer\u00e1 semejante acci\u00f3n.<\/p>\n\n\n\n<p>Lo otro que se debe recordar es que esta es la primera vez en Oaxaca donde se dicta una sentencia por desaparici\u00f3n forzada, de ah\u00ed que el caso de Claudia Uruchurto Cruz sea emblem\u00e1tico, decir lo contrario, no s\u00f3lo dejar\u00eda peor al sistema judicial, sino ser\u00eda como dispararse en el pie, a menos que haya un acuerdo de por medio. Y como dec\u00eda mi abuelita Lucha, si el Tribunal&nbsp; a trav\u00e9s de la Sala de Justicia Ind\u00edgena y Quinta Sala Penal, da marcha atr\u00e1s a la sentencia anul\u00e1ndola, ahora s\u00ed \u201cque Dios nos agarre confesados\u201d.<\/p>\n\n\n\n<p>Lo \u00fanico real es lo que se plantea siempre. La v\u00edctima no est\u00e1 en prisi\u00f3n, la v\u00edctima de estos hechos sigue desaparecida desde marzo de 2021 y se llama Claudia Uruchurtu Cruz y su madre y sus hermanas esperan saber d\u00f3nde est\u00e1.<\/p>\n\n\n\n<p>*Periodista y activista feminista.<\/p>\n","protected":false},"excerpt":{"rendered":"<p>Soledad Jarqu\u00edn Edgar*SemM\u00e9xico. En las pr\u00f3ximas horas o d\u00edas, el Tribunal Superior de Justicia de&hellip;<\/p>\n","protected":false},"author":2,"featured_media":68029,"comment_status":"closed","ping_status":"open","sticky":false,"template":"","format":"standard","meta":{"_lmt_disableupdate":"","_lmt_disable":"","_jetpack_memberships_contains_paid_content":false,"footnotes":""},"categories":[109,46],"tags":[90],"class_list":["post-72012","post","type-post","status-publish","format-standard","has-post-thumbnail","hentry","category-minuto-a-minuto","category-zona-blanca","tag-soledad-jarquin"],"jetpack_featured_media_url":"https:\/\/zonaroja.com.mx\/wp-content\/uploads\/2024\/05\/Soledad-Jarquin-Edgar.jpg","jetpack_sharing_enabled":true,"_links":{"self":[{"href":"https:\/\/zonaroja.com.mx\/index.php?rest_route=\/wp\/v2\/posts\/72012","targetHints":{"allow":["GET"]}}],"collection":[{"href":"https:\/\/zonaroja.com.mx\/index.php?rest_route=\/wp\/v2\/posts"}],"about":[{"href":"https:\/\/zonaroja.com.mx\/index.php?rest_route=\/wp\/v2\/types\/post"}],"author":[{"embeddable":true,"href":"https:\/\/zonaroja.com.mx\/index.php?rest_route=\/wp\/v2\/users\/2"}],"replies":[{"embeddable":true,"href":"https:\/\/zonaroja.com.mx\/index.php?rest_route=%2Fwp%2Fv2%2Fcomments&post=72012"}],"version-history":[{"count":1,"href":"https:\/\/zonaroja.com.mx\/index.php?rest_route=\/wp\/v2\/posts\/72012\/revisions"}],"predecessor-version":[{"id":72013,"href":"https:\/\/zonaroja.com.mx\/index.php?rest_route=\/wp\/v2\/posts\/72012\/revisions\/72013"}],"wp:featuredmedia":[{"embeddable":true,"href":"https:\/\/zonaroja.com.mx\/index.php?rest_route=\/wp\/v2\/media\/68029"}],"wp:attachment":[{"href":"https:\/\/zonaroja.com.mx\/index.php?rest_route=%2Fwp%2Fv2%2Fmedia&parent=72012"}],"wp:term":[{"taxonomy":"category","embeddable":true,"href":"https:\/\/zonaroja.com.mx\/index.php?rest_route=%2Fwp%2Fv2%2Fcategories&post=72012"},{"taxonomy":"post_tag","embeddable":true,"href":"https:\/\/zonaroja.com.mx\/index.php?rest_route=%2Fwp%2Fv2%2Ftags&post=72012"}],"curies":[{"name":"wp","href":"https:\/\/api.w.org\/{rel}","templated":true}]}}