{"id":72014,"date":"2024-09-01T20:42:22","date_gmt":"2024-09-02T02:42:22","guid":{"rendered":"https:\/\/zonaroja.com.mx\/?p=72014"},"modified":"2024-09-01T20:42:24","modified_gmt":"2024-09-02T02:42:24","slug":"grave-inseguridad-en-el-istmo-y-elementos-de-la-guardia-nacional-pelean","status":"publish","type":"post","link":"https:\/\/zonaroja.com.mx\/?p=72014","title":{"rendered":"Grave inseguridad en el Istmo y elementos de la Guardia Nacional pelean"},"content":{"rendered":"\n<p>Raymundo Morales\/Zona Roja.<\/p>\n\n\n\n<p>Oaxaca de Ju\u00e1rez, Oax., a 1 de septiembre de 2024.- Mientras la inseguridad escala en la regi\u00f3n del Istmo de Tehuantepec, elementos de la Guardia Nacional pelean entre s\u00ed y se disparan.<\/p>\n\n\n\n<p>El hecho ocurri\u00f3 ayer por la tarde sobre la carretera Panamericana, a la altura del acceso vial a la ciudad de Juchit\u00e1n de Zaragoza, donde federales, as\u00ed como elementos de la Secretar\u00eda de la Defensa Nacional supuestamente custodiaban una caravana de migrantes.<\/p>\n\n\n\n<p>Sin embargo, por causas que hasta el momento se desconocen, se suscit\u00f3 una ri\u00f1a y un elemento de la Guardia Nacional dispar\u00f3 en contra de su compa\u00f1ero, que result\u00f3 herido.<\/p>\n\n\n\n<p>Supuestamente un grupo de personas imped\u00eda el paso de la caravana lo que suscit\u00f3 una ri\u00f1a, en que un uniformado dispar\u00f3 en contra de su compa\u00f1ero, quien fue llevado a un hospital de Juchit\u00e1n.<\/p>\n\n\n\n<p>Otras versiones se\u00f1alan que un reclamo de j\u00f3venes origin\u00f3 la irritaci\u00f3n de los elementos que reaccionaron pero, a falta de capacitaci\u00f3n, terminaron una ri\u00f1a entre s\u00ed.<\/p>\n\n\n\n<p>Hasta el momento no hay informaci\u00f3n oficial respecto a los hechos y el integrante de la Guardia Nacional permanece en el hospital, donde lo reportan estable de salud.<\/p>\n","protected":false},"excerpt":{"rendered":"<p>Raymundo Morales\/Zona Roja. Oaxaca de Ju\u00e1rez, Oax., a 1 de septiembre de 2024.- Mientras la&hellip;<\/p>\n","protected":false},"author":2,"featured_media":72015,"comment_status":"closed","ping_status":"open","sticky":false,"template":"","format":"standard","meta":{"_lmt_disableupdate":"","_lmt_disable":"","_jetpack_memberships_contains_paid_content":false,"footnotes":""},"categories":[109,47],"tags":[278],"class_list":["post-72014","post","type-post","status-publish","format-standard","has-post-thumbnail","hentry","category-minuto-a-minuto","category-zona-gris","tag-guardia-nacional"],"jetpack_featured_media_url":"https:\/\/zonaroja.com.mx\/wp-content\/uploads\/2024\/09\/Guardia-Nacional-Juchitan.jpg","jetpack_sharing_enabled":true,"_links":{"self":[{"href":"https:\/\/zonaroja.com.mx\/index.php?rest_route=\/wp\/v2\/posts\/72014","targetHints":{"allow":["GET"]}}],"collection":[{"href":"https:\/\/zonaroja.com.mx\/index.php?rest_route=\/wp\/v2\/posts"}],"about":[{"href":"https:\/\/zonaroja.com.mx\/index.php?rest_route=\/wp\/v2\/types\/post"}],"author":[{"embeddable":true,"href":"https:\/\/zonaroja.com.mx\/index.php?rest_route=\/wp\/v2\/users\/2"}],"replies":[{"embeddable":true,"href":"https:\/\/zonaroja.com.mx\/index.php?rest_route=%2Fwp%2Fv2%2Fcomments&post=72014"}],"version-history":[{"count":1,"href":"https:\/\/zonaroja.com.mx\/index.php?rest_route=\/wp\/v2\/posts\/72014\/revisions"}],"predecessor-version":[{"id":72016,"href":"https:\/\/zonaroja.com.mx\/index.php?rest_route=\/wp\/v2\/posts\/72014\/revisions\/72016"}],"wp:featuredmedia":[{"embeddable":true,"href":"https:\/\/zonaroja.com.mx\/index.php?rest_route=\/wp\/v2\/media\/72015"}],"wp:attachment":[{"href":"https:\/\/zonaroja.com.mx\/index.php?rest_route=%2Fwp%2Fv2%2Fmedia&parent=72014"}],"wp:term":[{"taxonomy":"category","embeddable":true,"href":"https:\/\/zonaroja.com.mx\/index.php?rest_route=%2Fwp%2Fv2%2Fcategories&post=72014"},{"taxonomy":"post_tag","embeddable":true,"href":"https:\/\/zonaroja.com.mx\/index.php?rest_route=%2Fwp%2Fv2%2Ftags&post=72014"}],"curies":[{"name":"wp","href":"https:\/\/api.w.org\/{rel}","templated":true}]}}