{"id":72017,"date":"2024-09-01T21:17:00","date_gmt":"2024-09-02T03:17:00","guid":{"rendered":"https:\/\/zonaroja.com.mx\/?p=72017"},"modified":"2024-09-01T21:17:01","modified_gmt":"2024-09-02T03:17:01","slug":"con-encuesta-a-mano-alzada-en-el-zocalo-amlo-avala-la-reforma-judicial","status":"publish","type":"post","link":"https:\/\/zonaroja.com.mx\/?p=72017","title":{"rendered":"Con encuesta a mano alzada en el z\u00f3calo, AMLO avala la Reforma Judicial"},"content":{"rendered":"\n<p>Redacci\u00f3n\/Zona Roja Cdmx.<\/p>\n\n\n\n<p>Ciudad de M\u00e9xico, a 1 de septiembre de 2024.- Durante su sexto y \u00faltimo informe de gobierno, este 1 de septiembre el presidente Andr\u00e9s Manuel L\u00f3pez Obrador confirm\u00f3 que en breve ser\u00e1 aprobada por el Congreso la Reforma al Poder Judicial, pero para \u201chacerlo m\u00e1s formal\u201d, organiz\u00f3 una encuesta a mano alzada en el Z\u00f3calo de la Ciudad de M\u00e9xico para que el pueblo aprueba esta iniciativa presidencial.<\/p>\n\n\n\n<p>\u201cA ver, que levanten la mano los que piensan que es mejor que a los ministros y a los jueces los elijan el presidente y los senadores. Que levanten la mano. Pues no veo a nadie\u201d, dijo ante el Z\u00f3calo abarrotado de simpatizantes de la 4T.<\/p>\n\n\n\n<p>Inmediatamente, el mandatario federal pidi\u00f3 a los asistentes a su sexto informe levantar la mano si les parece un mejor m\u00e9todo la elecci\u00f3n de jueces mediante el voto popular.<\/p>\n\n\n\n<p>\u201cQue levanten la mano los que consideren que es mejor que los elija el pueblo, a jueces y magistrados. B\u00e1jenla. Abstenciones, que levanten la mano. No hay abstenciones. Bueno, esto ayuda a entender cu\u00e1l es el sentimiento del pueblo\u201d, expuso L\u00f3pez Obrador, quien dejar\u00e1 la Presidencia de la Rep\u00fablica el pr\u00f3ximo 30 de septiembre.<\/p>\n\n\n\n<p>MENSAJE A EU<\/p>\n\n\n\n<p>El pol\u00edtico tabasque\u00f1o tambi\u00e9n aprovech\u00f3 el evento para enviar un mensaje al gobierno norteamericano, luego que el embajador Ken Salazar expres\u00f3 su preocupaci\u00f3n sobre el impacto de la Reforma Judicial en el Tratado de Libre Comercio.<\/p>\n\n\n\n<p>Ante los se\u00f1alamientos del gobierno de EEUU por los cambios en el sistema judicial de M\u00e9xico, L\u00f3pez Obrador apunt\u00f3 que en ese pa\u00eds tambi\u00e9n se elige a jueces mediante el voto popular.<\/p>\n\n\n\n<p>\u201cTambi\u00e9n para que lo internalicen nuestros vecinos, amigos y vecinos de Estados Unidos, lo digo con todo respeto. Y que no olviden que la democracia en Am\u00e9rica, en Estados Unidos, comenz\u00f3 eligiendo a los jueces, que no olviden eso, que en Estados Unidos as\u00ed comenz\u00f3 la democracia, eligiendo el pueblo a los jueces\u201d, apunt\u00f3 el presidente mexicano.<\/p>\n\n\n\n<p>El presidente saliente critic\u00f3, adem\u00e1s, que los integrantes del Poder Judicial no han seguido los principios de austeridad republicana y a\u00fan gozan de seguros m\u00e9dicos privados. Acus\u00f3 que algunos funcionarios de ese poder utilizan los servicios m\u00e9dicos para realizar cirug\u00edas est\u00e9ticas con \u201ccargos al erario\u201d.<\/p>\n\n\n\n<p>As\u00ed, durante su \u00faltimo informe, L\u00f3pez Obrador, defendi\u00f3 su propuesta de que los ciudadanos elijan mediante votaciones populares a los jueces, magistrados y ministros de la Suprema Corte de Justicia.<\/p>\n\n\n\n<p>MARCHA EN CONTRA<\/p>\n\n\n\n<p>Momentos antes de su discurso, desde el \u00c1ngel de la Independencia hasta el Senado, miles de estudiantes de Derecho y trabajadores del Poder Judicial se manifestaron en contra de la iniciativa. Alegaron que aprobar esta reforma acabar\u00eda con la carrera judicial y expondr\u00eda los procesos de elecci\u00f3n de jueces a intereses externos.<\/p>\n\n\n\n<p>Sin embargo, L\u00f3pez Obrador sostuvo que su propuesta busca asegurar que estos funcionarios \u201cimpartan justicia en beneficio de todos y no est\u00e9n al servicio exclusivo de la delincuencia organizada y de la de cuello blanco, sino al servicio del pueblo\u201d.<\/p>\n\n\n\n<p>Seg\u00fan L\u00f3pez Obrador, su administraci\u00f3n ha denunciado los actos de corrupci\u00f3n e influencias predominantes en el Poder Judicial. A pesar de las cr\u00edticas, el presidente afirm\u00f3 que su gobierno ha sido respetuoso de la autonom\u00eda de los poderes del Estado m\u00e1s all\u00e1 de lo acostumbrado en la pol\u00edtica autoritaria, donde el poder Ejecutivo dominaba a los otros dos.<\/p>\n\n\n\n<p>El presidente tambi\u00e9n record\u00f3 que su gesti\u00f3n ha combatido la impunidad y la corrupci\u00f3n, destacando la importancia del respeto a la independencia de los poderes del Estado. Al hacer referencia a los sexenios anteriores, L\u00f3pez Obrador mencion\u00f3 que no les habr\u00eda costado nada seguir la tradici\u00f3n de controlar los otros poderes, pero optaron por un enfoque diferente en pos de la transparencia y justicia.<\/p>\n\n\n\n<p>(Informaci\u00f3n de Infobae M\u00e9xico)<\/p>\n","protected":false},"excerpt":{"rendered":"<p>Redacci\u00f3n\/Zona Roja Cdmx. Ciudad de M\u00e9xico, a 1 de septiembre de 2024.- Durante su sexto&hellip;<\/p>\n","protected":false},"author":2,"featured_media":72018,"comment_status":"closed","ping_status":"open","sticky":false,"template":"","format":"standard","meta":{"_lmt_disableupdate":"","_lmt_disable":"","_jetpack_memberships_contains_paid_content":false,"footnotes":""},"categories":[109,46],"tags":[143],"class_list":["post-72017","post","type-post","status-publish","format-standard","has-post-thumbnail","hentry","category-minuto-a-minuto","category-zona-blanca","tag-andres-manuel-lopez-obrador"],"jetpack_featured_media_url":"https:\/\/zonaroja.com.mx\/wp-content\/uploads\/2024\/09\/Lopez-obrador-informe-zocalo.jpg","jetpack_sharing_enabled":true,"_links":{"self":[{"href":"https:\/\/zonaroja.com.mx\/index.php?rest_route=\/wp\/v2\/posts\/72017","targetHints":{"allow":["GET"]}}],"collection":[{"href":"https:\/\/zonaroja.com.mx\/index.php?rest_route=\/wp\/v2\/posts"}],"about":[{"href":"https:\/\/zonaroja.com.mx\/index.php?rest_route=\/wp\/v2\/types\/post"}],"author":[{"embeddable":true,"href":"https:\/\/zonaroja.com.mx\/index.php?rest_route=\/wp\/v2\/users\/2"}],"replies":[{"embeddable":true,"href":"https:\/\/zonaroja.com.mx\/index.php?rest_route=%2Fwp%2Fv2%2Fcomments&post=72017"}],"version-history":[{"count":1,"href":"https:\/\/zonaroja.com.mx\/index.php?rest_route=\/wp\/v2\/posts\/72017\/revisions"}],"predecessor-version":[{"id":72019,"href":"https:\/\/zonaroja.com.mx\/index.php?rest_route=\/wp\/v2\/posts\/72017\/revisions\/72019"}],"wp:featuredmedia":[{"embeddable":true,"href":"https:\/\/zonaroja.com.mx\/index.php?rest_route=\/wp\/v2\/media\/72018"}],"wp:attachment":[{"href":"https:\/\/zonaroja.com.mx\/index.php?rest_route=%2Fwp%2Fv2%2Fmedia&parent=72017"}],"wp:term":[{"taxonomy":"category","embeddable":true,"href":"https:\/\/zonaroja.com.mx\/index.php?rest_route=%2Fwp%2Fv2%2Fcategories&post=72017"},{"taxonomy":"post_tag","embeddable":true,"href":"https:\/\/zonaroja.com.mx\/index.php?rest_route=%2Fwp%2Fv2%2Ftags&post=72017"}],"curies":[{"name":"wp","href":"https:\/\/api.w.org\/{rel}","templated":true}]}}