{"id":72020,"date":"2024-09-02T07:33:21","date_gmt":"2024-09-02T13:33:21","guid":{"rendered":"https:\/\/zonaroja.com.mx\/?p=72020"},"modified":"2024-09-02T07:33:23","modified_gmt":"2024-09-02T13:33:23","slug":"reconoce-gobernador-de-oaxaca-legado-de-amlo-para-transformacion-de-mexico","status":"publish","type":"post","link":"https:\/\/zonaroja.com.mx\/?p=72020","title":{"rendered":"Reconoce gobernador de Oaxaca legado de AMLO para transformaci\u00f3n de M\u00e9xico"},"content":{"rendered":"\n<p>Redacci\u00f3n\/Zona Roja.<\/p>\n\n\n\n<p>Oaxaca de Ju\u00e1rez, Oax., a 2 de septiembre de 2024. Al asistir al sexto y \u00faltimo informe del Presidente Andr\u00e9s Manuel L\u00f3pez Obrador desde el z\u00f3calo de la Ciudad de M\u00e9xico, el Gobernador Salom\u00f3n Jara Cruz asever\u00f3 que el pueblo mexicano se encuentra del lado correcto de la historia, toda vez que en este sexenio se sentaron las bases de la transformaci\u00f3n que han demostrado que el poder se convierte en virtud cuando se pone al servicio de los dem\u00e1s.<\/p>\n\n\n\n<p>En este marco, el mandatario estatal reconoci\u00f3 la visi\u00f3n y decidida convicci\u00f3n del Presidente de M\u00e9xico para saldar la deuda hist\u00f3rica con el sureste de M\u00e9xico y poner en marcha importantes proyectos encaminados a detonar el desarrollo y bienestar del pueblo.<\/p>\n\n\n\n<p>Destac\u00f3 el impulso al proyecto del Corredor Interoce\u00e1nico del Istmo de Tehuantepec (CIIT) que, al integrar los servicios portuarios, interconectados por el Tren Interoce\u00e1nico y los Polos de Desarrollo para el Bienestar (Podebis), fungir\u00e1 como una plataforma log\u00edstica que fortalecer\u00e1n la actividad industrial y ofrecer\u00e1 una alternativa moderna y eficiente para el comercio regional y mundial.<\/p>\n\n\n\n<p>Asimismo, el respaldo para cristalizar la carretera Oaxaca-Puerto Escondido, una obra que estuvo varada por m\u00e1s de 15 a\u00f1os y que hoy es una realidad, permitiendo acortar los tiempos y distancia para mayores y mejores servicios y el traslado de personas.<\/p>\n\n\n\n<p>As\u00ed como el apoyo para concluir la carretera Oaxaca- Istmo, que ya cuenta con un importante avance y que se sumar\u00e1 a las acciones de desarrollo de esta zona del pa\u00eds.<\/p>\n\n\n\n<p>Jara Cruz tambi\u00e9n reconoci\u00f3 el apoyo del Presidente de M\u00e9xico con las y los oaxaque\u00f1os que permiti\u00f3 desde el primer a\u00f1o de su sexenio poner en marcha el programa de Pavimentaci\u00f3n de Caminos a Cabeceras Municipales que permiti\u00f3 unir y mejorar los accesos de m\u00e1s de 100 comunidades beneficiadas.<\/p>\n\n\n\n<p>Lo anterior se suma a los diversos programas Bienestar que han beneficiado a ni\u00f1as, ni\u00f1os, j\u00f3venes, mujeres y personas mayores, restituyendo sus derechos a una vida plena.<\/p>\n\n\n\n<p>De esta manera, Jara Cruz reiter\u00f3 su compromiso y disposici\u00f3n para seguir trabajando y sumando esfuerzo con la Presidenta electa Claudia Sheinbaum, en la construcci\u00f3n del segundo piso de la transformaci\u00f3n de M\u00e9xico.<\/p>\n","protected":false},"excerpt":{"rendered":"<p>Redacci\u00f3n\/Zona Roja. Oaxaca de Ju\u00e1rez, Oax., a 2 de septiembre de 2024. Al asistir al&hellip;<\/p>\n","protected":false},"author":2,"featured_media":72021,"comment_status":"closed","ping_status":"open","sticky":false,"template":"","format":"standard","meta":{"_lmt_disableupdate":"","_lmt_disable":"","_jetpack_memberships_contains_paid_content":false,"footnotes":""},"categories":[109,46],"tags":[939],"class_list":["post-72020","post","type-post","status-publish","format-standard","has-post-thumbnail","hentry","category-minuto-a-minuto","category-zona-blanca","tag-salomon-jara-cruz"],"jetpack_featured_media_url":"https:\/\/zonaroja.com.mx\/wp-content\/uploads\/2024\/09\/Andres-Manuel-Lopez-Obrador-informe.jpeg","jetpack_sharing_enabled":true,"_links":{"self":[{"href":"https:\/\/zonaroja.com.mx\/index.php?rest_route=\/wp\/v2\/posts\/72020","targetHints":{"allow":["GET"]}}],"collection":[{"href":"https:\/\/zonaroja.com.mx\/index.php?rest_route=\/wp\/v2\/posts"}],"about":[{"href":"https:\/\/zonaroja.com.mx\/index.php?rest_route=\/wp\/v2\/types\/post"}],"author":[{"embeddable":true,"href":"https:\/\/zonaroja.com.mx\/index.php?rest_route=\/wp\/v2\/users\/2"}],"replies":[{"embeddable":true,"href":"https:\/\/zonaroja.com.mx\/index.php?rest_route=%2Fwp%2Fv2%2Fcomments&post=72020"}],"version-history":[{"count":1,"href":"https:\/\/zonaroja.com.mx\/index.php?rest_route=\/wp\/v2\/posts\/72020\/revisions"}],"predecessor-version":[{"id":72022,"href":"https:\/\/zonaroja.com.mx\/index.php?rest_route=\/wp\/v2\/posts\/72020\/revisions\/72022"}],"wp:featuredmedia":[{"embeddable":true,"href":"https:\/\/zonaroja.com.mx\/index.php?rest_route=\/wp\/v2\/media\/72021"}],"wp:attachment":[{"href":"https:\/\/zonaroja.com.mx\/index.php?rest_route=%2Fwp%2Fv2%2Fmedia&parent=72020"}],"wp:term":[{"taxonomy":"category","embeddable":true,"href":"https:\/\/zonaroja.com.mx\/index.php?rest_route=%2Fwp%2Fv2%2Fcategories&post=72020"},{"taxonomy":"post_tag","embeddable":true,"href":"https:\/\/zonaroja.com.mx\/index.php?rest_route=%2Fwp%2Fv2%2Ftags&post=72020"}],"curies":[{"name":"wp","href":"https:\/\/api.w.org\/{rel}","templated":true}]}}