{"id":72023,"date":"2024-09-02T09:37:00","date_gmt":"2024-09-02T15:37:00","guid":{"rendered":"https:\/\/zonaroja.com.mx\/?p=72023"},"modified":"2024-09-02T10:58:33","modified_gmt":"2024-09-02T16:58:33","slug":"opinion-la-seccion-22-su-activismo-y-su-crisis-interna","status":"publish","type":"post","link":"https:\/\/zonaroja.com.mx\/?p=72023","title":{"rendered":"Opini\u00f3n. La Secci\u00f3n 22, su m\u00e1scara de activismo y su crisis interna"},"content":{"rendered":"\n<p>Ismael Garc\u00eda M.\/Zona Roja.<\/p>\n\n\n\n<p>Oaxaca, Oax., a 2 de septiembre de 2024.- Apenas una semana y media despu\u00e9s de iniciado el ciclo escolar 2024-2025, la Secci\u00f3n 22 del Sindicato Nacional de Trabajadores de la Educaci\u00f3n ya se apresta a parar labores y protestar.<\/p>\n\n\n\n<p>Para ello, desde este domingo comenz\u00f3 a circular una convocatoria en que se pide participar en la movilizaci\u00f3n del 25 por ciento de su membres\u00eda, el pr\u00f3ximo mi\u00e9rcoles, para dar cobertura a una reuni\u00f3n tripartita, SEP-IEEPO-Secci\u00f3n 22.<\/p>\n\n\n\n<p>Nunca quedar\u00e1 satisfecho el magisterio respecto a sus demandas econ\u00f3micas, porque es su g\u00e9nesis; en realidad, as\u00ed por m\u00e1s de 44 a\u00f1os han obligado a gobiernos de todos los partidos, a cumplir sus demandas, as\u00ed sean caprichos.<\/p>\n\n\n\n<p>Pero con todo ello, la gremial, que ahora encabeza una mujer por primera vez, Yenny Aracely P\u00e9rez, no puede poner orden en su vida interna; la inhabilitaci\u00f3n de alrededor de 118 docentes, de la ex dirigencia, ha movido a muchos de ellos a la decisi\u00f3n de iniciar una batalla.<\/p>\n\n\n\n<p>Mientras tanto, los cabecillas del anterior Comit\u00e9 Ejecutivo Seccional, Eloy L\u00f3pez Mart\u00ednez, Genaro Mart\u00ednez Morales y Jos\u00e9 Carlos L\u00f3pez Alonso, viven como reyes; no, viven como millonarios, gastando su fortuna en propiedades, sin que nadie los pueda llevar ante la justicia.<\/p>\n\n\n\n<p>LOS COPTADOS<\/p>\n\n\n\n<p>Como ya se ha detallado en este mismo espacio, el comit\u00e9 que encabez\u00f3 Eloy L\u00f3pez Hern\u00e1ndez estuvo casi seis a\u00f1os en el cargo, dos m\u00e1s que los cuatro estatutarios, justamente el sexenio del ex priista Alejandro Murat Hinojosa.<\/p>\n\n\n\n<p>La raz\u00f3n que se esgrimi\u00f3 es que, a causa de la pandemia del Covid-19, no se pod\u00eda hacer una asamblea general para nombra a la nueva dirigencia.<\/p>\n\n\n\n<p>Eso adem\u00e1s aprovech\u00f3 el comit\u00e9 para impedir toda clase de movilizaciones de las que acostumbra la gremial, como las marchas, \u201ctoma\u201d de oficinas, cierre de vialidades, por cualquier pretexto.<\/p>\n\n\n\n<p>As\u00ed, Eloy L\u00f3pez Hern\u00e1ndez y su camarilla, de hecho reducida a tres personajes, pudieron maniobrar y controlar todas las manifestaciones para no molestar al gobierno del priista, ahora morenista, a cambio de prebendas.<\/p>\n\n\n\n<p>Fue hasta finales de noviembre de 2022, justo el fin de sexenio de Murat hijo, en que el magisterio pudo elegir a su nueva dirigencia, que recay\u00f3 en Yenny Aracely P\u00e9rez Mart\u00ednez, quien comenz\u00f3 su cargo con \u00e1nimos de lucha y de recuperar la fuerza sindical.<\/p>\n\n\n\n<p>Tambi\u00e9n, a finales de ese a\u00f1o, durante el precongreso de la Secci\u00f3n 22, se tom\u00f3 la determinaci\u00f3n de iniciar una revisi\u00f3n del actuar del Comit\u00e9 Ejecutivo anterior.<\/p>\n\n\n\n<p>Sin embargo, les tom\u00f3 otro a\u00f1o conformar la Comisi\u00f3n de Honor y Justicia para iniciar el proceso de an\u00e1lisis de los casos en contra de quienes se acusa de probables actos de corrupci\u00f3n.<\/p>\n\n\n\n<p>Y de nueva cuenta, dicha comisi\u00f3n tard\u00f3 ocho meses para determinar una inhabilitaci\u00f3n, a todas luces ilegal, pero de toda la estructura de la ex dirigencia, tuvieran o no responsabilidad.<\/p>\n\n\n\n<p>LA PROTESTA<\/p>\n\n\n\n<p>A principios de agosto pasado, la Comisi\u00f3n de Honor y Justicia dio a conocer, a trav\u00e9s de los canales de informaci\u00f3n institucional, la larga lista de inhabilitados, con nombre y apellido, \u00fanicamente por ser parte de dicha dirigencia sindical.<\/p>\n\n\n\n<p>No hubo, o no se conocen, los argumentos suficiente para considerar que todos fueron corruptos.<\/p>\n\n\n\n<p>Por lo menos eso es lo que denunci\u00f3 hace dos semanas un grupo de ex miembros de la dirigencia, encabezados por quien fungi\u00f3 entonces como secretario de Prensa y Propaganda, Wilbert Santiago Valdivieso.<\/p>\n\n\n\n<p>La determinaci\u00f3n, que no pas\u00f3 por la Asamblea Estatal, incluy\u00f3 a todos los organismos auxiliares.<\/p>\n\n\n\n<p>\u201cEn atenci\u00f3n al Oficio No. 199 de la Comisi\u00f3n de Honor y Justicia nombrada en la Asamblea Estatal del 02 de diciembre de 2023, se comparte el Comunicado de inhabilitaci\u00f3n sindical-oficial temporal de los integrantes del Comit\u00e9 Ejecutivo Seccional y de los organismos no estatutarios: CETEO, ICN, CENCOS 22, CEPOS 22, CEDES 22, COMADH, Cuerpo Jur\u00eddico y Espacios Ganados por el MDTEO, del periodo 2017-2022\u201d, inform\u00f3 v\u00eda sus redes sociales.<\/p>\n\n\n\n<p>Dos meses antes, la misma comisi\u00f3n hab\u00eda emitido un comunicado para recibir \u201cdenuncias por escrito sobre el actuar del Comit\u00e9 Ejecutivo de la Secci\u00f3n XXII del periodo 2017-2022, del 25 de junio al 25 de julio\u201d.<\/p>\n\n\n\n<p>No es que en este espacio se defienda o se quiera defender a la anterior dirigencia sindical, pero con dicha determinaci\u00f3n, afectaron a muchos docentes que no tuvieron la facilidad de volverse millonarios de la noche a la ma\u00f1ana.<\/p>\n\n\n\n<p>Como es el caso de Eloy L\u00f3pez Hern\u00e1ndez, Genaro Mart\u00ednez Morales y Jos\u00e9 Carlos L\u00f3pez Alonso, a quienes parece que la justicia no alcanzar\u00e1.<\/p>\n\n\n\n<p>Por lo menos esos tres nombres cit\u00f3 su ex compa\u00f1ero sindical Wilbert Valdivieso, durante la conferencia de prensa que encabez\u00f3 hace dos semanas, donde habl\u00f3 de m\u00faltiples irregularidades que habr\u00edan cometido el tr\u00edo de ex dirigentes.<\/p>\n\n\n\n<p>\u00bfY LOS L\u00cdDERES?<\/p>\n\n\n\n<p>Ex dirigentes que, de acuerdo con los propios docentes de la Secci\u00f3n 22, son multimillonarios e invierten lo logrado en el sexenio priista en comprar propiedades inmobiliarias y poner negocios.<\/p>\n\n\n\n<p>Por ejemplo, Eloy L\u00f3pez tuvo la facilidad de ser presidente municipal de su natal San Juan Teita, apenas concluy\u00f3 su encargo, algo que est\u00e1 prohibido en sus estatutos.<\/p>\n\n\n\n<p>Disfruta de su riqueza, aunque de manera m\u00e1s discreta; la justicia no prev\u00e9 alcanzarlo y tiene ya suficiente dinero para sus pr\u00f3ximas generaciones.<\/p>\n\n\n\n<p>El que no dismula en absoluto su riqueza es Genaro Mart\u00ednez Morales, ex secretario de Organizaci\u00f3n.<\/p>\n\n\n\n<p>Pues tambi\u00e9n de acuerdo con los propios maestros y de sus paisanos de Tlacochahuaya, apenas regres\u00f3 a su modesta casa, la remodel\u00f3 hasta ponerle tres niveles, con terraza de lujo incluida. <\/p>\n\n\n\n<p>Luego se ha dedicado a comprar parcelas de siembra y m\u00faltiples propiedades en esa misma poblaci\u00f3n, distante apenas a unos 20 kil\u00f3metros de la capital.<\/p>\n\n\n\n<p>Se compr\u00f3 un hotel y est\u00e1 por abrir otro, adem\u00e1s de invertir dinero en otras propiedades en la ciudad de Oaxaca.<\/p>\n\n\n\n<p>\u00bfLa justicia alcanzar\u00e1 a los tres se\u00f1alados? De una vez les decimos que no. Porque hasta el momento no se ha comprobado \u2014y dudamos que se compruebe\u2014 que malversaron dinero de la Secci\u00f3n 22 del SNTE.<\/p>\n\n\n\n<p>En ocasiones anteriores, el gobernador Salom\u00f3n Jara Cruz ha se\u00f1alado que recibieron muchas prebendas del ex mandatario Murat Hinojosa para no movilizar al magisterio.<\/p>\n\n\n\n<p>En tanto que, supuestamente, los ex dirigentes habr\u00edan desviado alrededor de 73 millones de pesos de pagos a terceros.&nbsp;<\/p>\n\n\n\n<p>En realidad, lamentamos decirles que no hay nada formal en ello. Porque si recibieron millones de pesos de Alejandro Murat, fueron a fondo perdido, en efectivo y sin papeles de por medio. Eso s\u00ed, quiz\u00e1 alg\u00fan d\u00eda surjan los videos. <\/p>\n\n\n\n<p>De los posibles desv\u00edos de dinero del magisterio, ni siquiera en la Asamblea General se ha discutido esa posibilidad.<\/p>\n\n\n\n<p>Por lo tanto, de seguir procediendo el proceso en contra de ellos, lo \u00fanico que determinar\u00eda la Asamblea ser\u00eda la aplicaci\u00f3n del principio rector 20, es decir, la expulsi\u00f3n de las filas del magisterio. Nada m\u00e1s.<\/p>\n\n\n\n<p>\u00bfHay investigaci\u00f3n penal en contra de ellos? No. Lo que s\u00ed tiene el comit\u00e9 que encabeza Yenny Aracely P\u00e9rez es un enorme problema interno\u2026 que cubrir\u00e1 con m\u00e1s marchas y plantones por cualquier motivo.<\/p>\n","protected":false},"excerpt":{"rendered":"<p>Ismael Garc\u00eda M.\/Zona Roja. Oaxaca, Oax., a 2 de septiembre de 2024.- Apenas una semana&hellip;<\/p>\n","protected":false},"author":2,"featured_media":67764,"comment_status":"closed","ping_status":"open","sticky":false,"template":"","format":"standard","meta":{"_lmt_disableupdate":"","_lmt_disable":"","_jetpack_memberships_contains_paid_content":false,"footnotes":""},"categories":[456,109,48],"tags":[1353],"class_list":["post-72023","post","type-post","status-publish","format-standard","has-post-thumbnail","hentry","category-columna","category-minuto-a-minuto","category-zona-critica","tag-opinion-zona-critica"],"jetpack_featured_media_url":"https:\/\/zonaroja.com.mx\/wp-content\/uploads\/2024\/04\/Opinion-Zona-Roja-Ismael-Garcia.jpg","jetpack_sharing_enabled":true,"_links":{"self":[{"href":"https:\/\/zonaroja.com.mx\/index.php?rest_route=\/wp\/v2\/posts\/72023","targetHints":{"allow":["GET"]}}],"collection":[{"href":"https:\/\/zonaroja.com.mx\/index.php?rest_route=\/wp\/v2\/posts"}],"about":[{"href":"https:\/\/zonaroja.com.mx\/index.php?rest_route=\/wp\/v2\/types\/post"}],"author":[{"embeddable":true,"href":"https:\/\/zonaroja.com.mx\/index.php?rest_route=\/wp\/v2\/users\/2"}],"replies":[{"embeddable":true,"href":"https:\/\/zonaroja.com.mx\/index.php?rest_route=%2Fwp%2Fv2%2Fcomments&post=72023"}],"version-history":[{"count":2,"href":"https:\/\/zonaroja.com.mx\/index.php?rest_route=\/wp\/v2\/posts\/72023\/revisions"}],"predecessor-version":[{"id":72034,"href":"https:\/\/zonaroja.com.mx\/index.php?rest_route=\/wp\/v2\/posts\/72023\/revisions\/72034"}],"wp:featuredmedia":[{"embeddable":true,"href":"https:\/\/zonaroja.com.mx\/index.php?rest_route=\/wp\/v2\/media\/67764"}],"wp:attachment":[{"href":"https:\/\/zonaroja.com.mx\/index.php?rest_route=%2Fwp%2Fv2%2Fmedia&parent=72023"}],"wp:term":[{"taxonomy":"category","embeddable":true,"href":"https:\/\/zonaroja.com.mx\/index.php?rest_route=%2Fwp%2Fv2%2Fcategories&post=72023"},{"taxonomy":"post_tag","embeddable":true,"href":"https:\/\/zonaroja.com.mx\/index.php?rest_route=%2Fwp%2Fv2%2Ftags&post=72023"}],"curies":[{"name":"wp","href":"https:\/\/api.w.org\/{rel}","templated":true}]}}