{"id":72039,"date":"2024-09-02T17:04:05","date_gmt":"2024-09-02T23:04:05","guid":{"rendered":"https:\/\/zonaroja.com.mx\/?p=72039"},"modified":"2024-09-02T17:04:07","modified_gmt":"2024-09-02T23:04:07","slug":"cesa-edil-de-santa-lucia-del-camino-a-mandos-policiacos-coadyuva-con-fiscalia","status":"publish","type":"post","link":"https:\/\/zonaroja.com.mx\/?p=72039","title":{"rendered":"Cesa edil de Santa Luc\u00eda del Camino a mandos policiacos; coadyuva con Fiscal\u00eda"},"content":{"rendered":"\n<p>Raymundo Morales\/Zona Roja.<\/p>\n\n\n\n<p>Oaxaca de Ju\u00e1rez, Oax., a 2 de septiembre de 2024.- A menos de 48 horas de los hechos y para coadyuvar con las investigaciones de la Fiscal\u00eda General del Estado de Oaxaca, el presidente municipal de Santa Luc\u00eda del Camino ces\u00f3 a mandos policiacos de vialidad.<\/p>\n\n\n\n<p>Lo anterior tras los hechos sucedidos la madrugada del s\u00e1bado durante un operativo de alcohol\u00edmetro en la avenida L\u00e1zaro C\u00e1rdenas, en que dos j\u00f3venes en su veh\u00edculo evadieron la actividad y arrollaron a uniformados; m\u00e1s tarde, fueron localizados y detenidos; uno de ellos recibi\u00f3 disparos de arma de fuego y posteriormente falleci\u00f3 en un hospital.<\/p>\n\n\n\n<p>A trav\u00e9s de un video, el edil inform\u00f3 que en primera instancia, ces\u00f3 de sus funciones al comandante de turno, Polic\u00eda Primero, Miguel S.S.; al Sub Oficial, Crist\u00f3bal V. G.; as\u00ed como al Polic\u00eda Segundo, Jos\u00e9 E.G.R.; a la Oficial, Gilda B.A.R.&nbsp;<\/p>\n\n\n\n<p>Tambi\u00e9n, determin\u00f3 cesar del cargo al Director de la Polic\u00eda Vial Municipal, comandante Cirino S.V.<\/p>\n\n\n\n<p>A\u00f1adi\u00f3 que esta ma\u00f1ana recibi\u00f3 la renuncia de Marcos Fredy Hern\u00e1ndez L\u00f3pez, director de Seguridad P\u00fablica, quien fue suplido este mismo d\u00eda por el comandante Antonio Santiago Blanco.<\/p>\n\n\n\n<p>En tanto, el edil reiter\u00f3 que la seguridad p\u00fablica en Santa Luc\u00eda Del Camino est\u00e1 garantizada y que, de acuerdo a las investigaciones, hay una persona detenida en la Fiscal\u00eda General del Estado como presunto responsable de los lamentables hechos antes se\u00f1alados.<\/p>\n\n\n\n<p>Indic\u00f3 que pese a ello, la investigaci\u00f3n contin\u00faa por lo que el ayuntamiento de coadyuva con la Fiscal\u00eda para entregar todas las pruebas necesarias y los elementos para que se esclarezca este lamentable suceso.<\/p>\n\n\n\n<p>\u201cQuiero reiterar que mi \u00fanico compromiso es con las y los ciudadanos de Santa Luc\u00eda del Camino; vamos a continuar trabajando por la seguridad de nuestro municipio\u201d, puntualiz\u00f3 el presidente municipal&nbsp; Garc\u00eda M\u00e1rquez.<\/p>\n","protected":false},"excerpt":{"rendered":"<p>Raymundo Morales\/Zona Roja. Oaxaca de Ju\u00e1rez, Oax., a 2 de septiembre de 2024.- A menos&hellip;<\/p>\n","protected":false},"author":2,"featured_media":70937,"comment_status":"closed","ping_status":"open","sticky":false,"template":"","format":"standard","meta":{"_lmt_disableupdate":"","_lmt_disable":"","_jetpack_memberships_contains_paid_content":false,"footnotes":""},"categories":[109,46],"tags":[2533,337],"class_list":["post-72039","post","type-post","status-publish","format-standard","has-post-thumbnail","hentry","category-minuto-a-minuto","category-zona-blanca","tag-juan-carlos-garcia-marquez","tag-santa-lucia-del-camino"],"jetpack_featured_media_url":"https:\/\/zonaroja.com.mx\/wp-content\/uploads\/2024\/08\/Palacio-Santa-Lucia-del-Camino.jpg","jetpack_sharing_enabled":true,"_links":{"self":[{"href":"https:\/\/zonaroja.com.mx\/index.php?rest_route=\/wp\/v2\/posts\/72039","targetHints":{"allow":["GET"]}}],"collection":[{"href":"https:\/\/zonaroja.com.mx\/index.php?rest_route=\/wp\/v2\/posts"}],"about":[{"href":"https:\/\/zonaroja.com.mx\/index.php?rest_route=\/wp\/v2\/types\/post"}],"author":[{"embeddable":true,"href":"https:\/\/zonaroja.com.mx\/index.php?rest_route=\/wp\/v2\/users\/2"}],"replies":[{"embeddable":true,"href":"https:\/\/zonaroja.com.mx\/index.php?rest_route=%2Fwp%2Fv2%2Fcomments&post=72039"}],"version-history":[{"count":1,"href":"https:\/\/zonaroja.com.mx\/index.php?rest_route=\/wp\/v2\/posts\/72039\/revisions"}],"predecessor-version":[{"id":72040,"href":"https:\/\/zonaroja.com.mx\/index.php?rest_route=\/wp\/v2\/posts\/72039\/revisions\/72040"}],"wp:featuredmedia":[{"embeddable":true,"href":"https:\/\/zonaroja.com.mx\/index.php?rest_route=\/wp\/v2\/media\/70937"}],"wp:attachment":[{"href":"https:\/\/zonaroja.com.mx\/index.php?rest_route=%2Fwp%2Fv2%2Fmedia&parent=72039"}],"wp:term":[{"taxonomy":"category","embeddable":true,"href":"https:\/\/zonaroja.com.mx\/index.php?rest_route=%2Fwp%2Fv2%2Fcategories&post=72039"},{"taxonomy":"post_tag","embeddable":true,"href":"https:\/\/zonaroja.com.mx\/index.php?rest_route=%2Fwp%2Fv2%2Ftags&post=72039"}],"curies":[{"name":"wp","href":"https:\/\/api.w.org\/{rel}","templated":true}]}}