{"id":7204,"date":"2020-01-02T09:56:22","date_gmt":"2020-01-02T15:56:22","guid":{"rendered":"http:\/\/www.zonaroja.com.mx\/?p=7204"},"modified":"2020-01-02T10:07:34","modified_gmt":"2020-01-02T16:07:34","slug":"encapuchados-intentaron-recuperar-con-violencia-palacio-de-tlacolula","status":"publish","type":"post","link":"https:\/\/zonaroja.com.mx\/?p=7204","title":{"rendered":"Encapuchados intentaron recuperar con violencia palacio de Tlacolula"},"content":{"rendered":"\n<p>Evlin Arag\u00f3n\/Zona Roja.<\/p>\n\n\n\n<p>Oaxaca de Ju\u00e1rez, Oax., 2 de enero de\n2020.- Sujetos encapuchados y presuntamente armados intentaron recuperar anoche\ncon violencia el palacio municipal de Tlacolula de Matamoros.<\/p>\n\n\n\n<p>A trav\u00e9s de un video, integrantes de la\nComisi\u00f3n Representativa de Habitantes de Tlacolula se\u00f1alaron que se mantiene la\npugna por un terreno en el que actualmente se ubican dos escuelas, al asegurar\nque fueron alrededor de 35 personas las que intentaron recuperar el inmueble,\npor \u00f3rdenes del edil Carlos Le\u00f3n Monterrubio.<\/p>\n\n\n\n<p>\u201cResponsabilizamos al presidente municipal y al Gobierno del Estado y federal, as\u00ed como a la Secci\u00f3n 22 de la violencia que se pueda generar en la localidad. La Comisi\u00f3n Representativa de Tlacolula nos deslindamos de cualquier acto violento\u201d, indicaron.<\/p>\n\n\n\n<figure class=\"wp-block-embed-twitter wp-block-embed is-type-rich is-provider-twitter\"><div class=\"wp-block-embed__wrapper\">\n<div class=\"twitter-tweet\"><blockquote class=\"twitter-tweet\" data-lang=\"es\"><p lang=\"es\" dir=\"ltr\"><a href=\"https:\/\/twitter.com\/hashtag\/OaxacaRojo?src=hash&amp;ref_src=twsrc%5Etfw\">#OaxacaRojo<\/a><br>(1) Anoche hubo disturbios en Tlacolula de Matamoros por la disputa de un plantel; presuntos porros intentaron recuperar el palacio municipal; son los que se aprecian en el video. <a href=\"https:\/\/t.co\/450TM4ojBy\">pic.twitter.com\/450TM4ojBy<\/a><\/p>&mdash; Zona Roja Oaxaca (@MexRoja) <a href=\"https:\/\/twitter.com\/MexRoja\/status\/1212759331608784898?ref_src=twsrc%5Etfw\">2 de enero de 2020<\/a><\/blockquote><\/div>\n<\/div><\/figure>\n\n\n\n<p>Relataron que se trat\u00f3 de personas\ncubiertas del rostro las que arribaron al municipio para presuntamente encubrir\na la autoridad municipal y permitirle saquear las oficinas del Palacio\nMunicipal.<\/p>\n\n\n\n<p>Por lo que responsabilizaron a Carlos\nLe\u00f3n de toda documentaci\u00f3n o bien material que pudiera llegar a desaparecer,\ndeslind\u00e1ndose de lo anterior ya que manten\u00edan la toma del edificio desde hace\nunos d\u00edas.&nbsp; <\/p>\n\n\n\n<p>En este sentido, dijeron que ante la falta de capacidad de edil, la problem\u00e1tica lejos de resolverse se han complicado en el municipio, raz\u00f3n por la que insistieron en pedir la renuncia del pol\u00edtico emanado del partido Morena, quien se ha negado a establecer el di\u00e1logo y escuchar a la poblaci\u00f3n.<\/p>\n\n\n\n<figure class=\"wp-block-embed-twitter wp-block-embed is-type-rich is-provider-twitter\"><div class=\"wp-block-embed__wrapper\">\n<div class=\"twitter-tweet\"><blockquote class=\"twitter-tweet\" data-lang=\"es\"><p lang=\"es\" dir=\"ltr\"><a href=\"https:\/\/twitter.com\/hashtag\/OaxacaRojo?src=hash&amp;ref_src=twsrc%5Etfw\">#OaxacaRojo<\/a><br>La comisi\u00f3n ciudadana de Tlacolula se deslind\u00f3 de participar en los hechos violentos de anoche, responsabiliza a las autoridades de los tres niveles de gobierno, entre ellos el edil. <a href=\"https:\/\/t.co\/gDcXS6mrd8\">pic.twitter.com\/gDcXS6mrd8<\/a><\/p>&mdash; Zona Roja Oaxaca (@MexRoja) <a href=\"https:\/\/twitter.com\/MexRoja\/status\/1212760833249300480?ref_src=twsrc%5Etfw\">2 de enero de 2020<\/a><\/blockquote><\/div>\n<\/div><\/figure>\n\n\n\n<p>\u201cHacemos un llamado al edil Carlos Le\u00f3n\npara que presente su renuncia, Tlacolula no lo quiere, no est\u00e1 de acuerdo con\nel mandato que pone trabas para que el pueblo crezca. Viva Tlacolula y fuera\ngrupos de la Secci\u00f3n 22 y del FALP\u201d, manifestaron.<\/p>\n\n\n\n<p>Recordaron que han transcurrido meses en los que han acudido a diversas instancias como la Secretar\u00eda General de Gobierno e incluso han platicado con el gobernador Alejandro Murat, sin embargo pareciera que no han puesto atenci\u00f3n a la problem\u00e1tica aunque el grupo ciudadano asegura mantener la disposici\u00f3n de llegar a un acuerdo.&nbsp; <\/p>\n\n\n\n<figure class=\"wp-block-image\"><img decoding=\"async\" width=\"1024\" height=\"576\" src=\"http:\/\/www.zonaroja.com.mx\/wp-content\/uploads\/2020\/01\/Tlacolula-palacio-1-1024x576.jpg\" alt=\"\" class=\"wp-image-7205\" srcset=\"https:\/\/zonaroja.com.mx\/wp-content\/uploads\/2020\/01\/Tlacolula-palacio-1-1024x576.jpg 1024w, https:\/\/zonaroja.com.mx\/wp-content\/uploads\/2020\/01\/Tlacolula-palacio-1-300x169.jpg 300w, https:\/\/zonaroja.com.mx\/wp-content\/uploads\/2020\/01\/Tlacolula-palacio-1-768x432.jpg 768w, https:\/\/zonaroja.com.mx\/wp-content\/uploads\/2020\/01\/Tlacolula-palacio-1-585x329.jpg 585w, https:\/\/zonaroja.com.mx\/wp-content\/uploads\/2020\/01\/Tlacolula-palacio-1.jpg 1032w\" sizes=\"(max-width: 1024px) 100vw, 1024px\" \/><\/figure>\n\n\n\n<p>Por lo anterior responsabilizaron a las\nautoridades municipales, estatales y federales de cualquier agresi\u00f3n que puedan\nsufrir quienes se han manifestado p\u00fablicamente por el progreso y desarrollo de\nla localidad y que han defendido la posibilidad de edificar una plaza comercial\nen la actual zona escolar.<\/p>\n\n\n\n<p>Las declaraciones anteriores dejaron\nver que la pugna que se origin\u00f3 hace meses por la propiedad de un terreno en el\nque se encuentran ubicadas las escuelas \u201cPresidente L\u00f3pez Mateos\u201d y \u201cSor Juana\nIn\u00e9s de la Cruz\u201d contin\u00faa y podr\u00eda generar de nueva cuenta violencia en el\nlugar.<\/p>\n\n\n\n<p>Recientemente la delegada del Gobierno\nFederal en Oaxaca, Nancy Ortiz Cabrera, y el titular del Instituto Estatal de\nEducaci\u00f3n P\u00fablica de Oaxaca, Francisco \u00c1ngel Villareal, quienes dieron la raz\u00f3n\na docentes de la Secci\u00f3n 22 y su comit\u00e9 de padres y madres de familia, al\ncoincidir que el predio es propiedad de la Secretaria de Educaci\u00f3n P\u00fablica y\ns\u00f3lo puede ser utilizados para albergar instituciones con fines acad\u00e9micas.<\/p>\n","protected":false},"excerpt":{"rendered":"<p>Evlin Arag\u00f3n\/Zona Roja. Oaxaca de Ju\u00e1rez, Oax., 2 de enero de 2020.- Sujetos encapuchados y&hellip;<\/p>\n","protected":false},"author":2,"featured_media":7206,"comment_status":"closed","ping_status":"open","sticky":false,"template":"","format":"standard","meta":{"_lmt_disableupdate":"","_lmt_disable":"","_jetpack_memberships_contains_paid_content":false,"footnotes":""},"categories":[109,47],"tags":[127],"class_list":["post-7204","post","type-post","status-publish","format-standard","has-post-thumbnail","hentry","category-minuto-a-minuto","category-zona-gris","tag-tlacolula-de-matamoros"],"jetpack_featured_media_url":"https:\/\/zonaroja.com.mx\/wp-content\/uploads\/2020\/01\/Tlacolula-palacio-2.jpg","jetpack_sharing_enabled":true,"_links":{"self":[{"href":"https:\/\/zonaroja.com.mx\/index.php?rest_route=\/wp\/v2\/posts\/7204","targetHints":{"allow":["GET"]}}],"collection":[{"href":"https:\/\/zonaroja.com.mx\/index.php?rest_route=\/wp\/v2\/posts"}],"about":[{"href":"https:\/\/zonaroja.com.mx\/index.php?rest_route=\/wp\/v2\/types\/post"}],"author":[{"embeddable":true,"href":"https:\/\/zonaroja.com.mx\/index.php?rest_route=\/wp\/v2\/users\/2"}],"replies":[{"embeddable":true,"href":"https:\/\/zonaroja.com.mx\/index.php?rest_route=%2Fwp%2Fv2%2Fcomments&post=7204"}],"version-history":[{"count":2,"href":"https:\/\/zonaroja.com.mx\/index.php?rest_route=\/wp\/v2\/posts\/7204\/revisions"}],"predecessor-version":[{"id":7208,"href":"https:\/\/zonaroja.com.mx\/index.php?rest_route=\/wp\/v2\/posts\/7204\/revisions\/7208"}],"wp:featuredmedia":[{"embeddable":true,"href":"https:\/\/zonaroja.com.mx\/index.php?rest_route=\/wp\/v2\/media\/7206"}],"wp:attachment":[{"href":"https:\/\/zonaroja.com.mx\/index.php?rest_route=%2Fwp%2Fv2%2Fmedia&parent=7204"}],"wp:term":[{"taxonomy":"category","embeddable":true,"href":"https:\/\/zonaroja.com.mx\/index.php?rest_route=%2Fwp%2Fv2%2Fcategories&post=7204"},{"taxonomy":"post_tag","embeddable":true,"href":"https:\/\/zonaroja.com.mx\/index.php?rest_route=%2Fwp%2Fv2%2Ftags&post=7204"}],"curies":[{"name":"wp","href":"https:\/\/api.w.org\/{rel}","templated":true}]}}