{"id":72041,"date":"2024-09-02T17:07:49","date_gmt":"2024-09-02T23:07:49","guid":{"rendered":"https:\/\/zonaroja.com.mx\/?p=72041"},"modified":"2024-09-02T17:07:51","modified_gmt":"2024-09-02T23:07:51","slug":"va-amlo-a-su-ultimo-mes-con-65-de-aprobacion-encuesta-ef","status":"publish","type":"post","link":"https:\/\/zonaroja.com.mx\/?p=72041","title":{"rendered":"Va AMLO a su \u00faltimo mes con 65% de aprobaci\u00f3n: Encuesta EF"},"content":{"rendered":"\n<p>Redacci\u00f3n\/Zona Roja Cdmx.<\/p>\n\n\n\n<p>Ciudad de M\u00e9xico, a 2 de septiembre de 2024.- El presidente Andr\u00e9s Manuel L\u00f3pez Obrador va a su \u00faltimo mes en Palacio Nacional con 65 por ciento de la ciudadan\u00eda que aprueba su trabajo, seg\u00fan revela la m\u00e1s reciente encuesta nacional de El Financiero, realizada a mil 28 ciudadanos entrevistados durante el mes de agosto v\u00eda telef\u00f3nica. La encuesta arroja 33 por ciento de desaprobaci\u00f3n al mandatario, quien ayer rindi\u00f3 su \u00faltimo Informe de Gobierno.<\/p>\n\n\n\n<p>En los rubros de evaluaci\u00f3n al desempe\u00f1o de gobierno, los apoyos sociales son lo m\u00e1s positivo de la gesti\u00f3n obradorista, rubro que adem\u00e1s registr\u00f3 un aumento en las opiniones favorables, llegando a su punto m\u00e1s alto en la serie de encuestas: 75 por ciento expres\u00f3 una opini\u00f3n buena o muy buena, mientras que solamente 14 por ciento evalu\u00f3 negativamente los apoyos sociales que otorga el gobierno.<\/p>\n\n\n\n<p>Por otra parte, el manejo de la econom\u00eda del Presidente mantuvo un balance de opini\u00f3n favorable, con 49 por ciento de opiniones positivas y 35 por ciento de opiniones negativas. En contraste, la corrupci\u00f3n y la inseguridad p\u00fablica registraron un balance de opini\u00f3n negativo, con apenas entre 26 y 28 por ciento de opiniones positivas, respectivamente, y ambos temas, con 59 por ciento de opiniones negativas.<\/p>\n\n\n\n<p>A pesar de esta coincidencia, la encuesta revela que la inseguridad p\u00fablica rebasa, por mucho, a la corrupci\u00f3n como principal problema del pa\u00eds, de acuerdo con la opini\u00f3n mayoritaria de las personas encuestadas.<\/p>\n\n\n\n<p>A la inseguridad, 58 por ciento la se\u00f1ala como problema principal del pa\u00eds, frente a 4 por ciento que menciona a la corrupci\u00f3n. Por otra parte, la econom\u00eda y el desempleo son mencionados por 17 por ciento.<\/p>\n\n\n\n<p>El sondeo muestra que las obras insignia del gobierno de L\u00f3pez Obrador mantienen una opini\u00f3n m\u00e1s favorable que desfavorable, aunque sin alcanzar una mayor\u00eda. Lo mejor evaluado en agosto fueron la refiner\u00eda de Dos Bocas y el Tren Maya, con 48 por ciento de opini\u00f3n buena o muy buena, cada una, seguidas por el AIFA, el aeropuerto Felipe \u00c1ngeles, que registr\u00f3 44 por ciento.<\/p>\n\n\n\n<p>Metodolog\u00eda: Encuesta nacional realizada por v\u00eda telef\u00f3nica a 1,028 mexicanos adultos del 8 al 12 y del 22 al 26 de agosto de 2024. Se hizo un muestreo probabil\u00edstico de tel\u00e9fonos residenciales y celulares en las 32 entidades federativas. Con un nivel de confianza de 95%, el margen de error de las estimaciones es de +\/-3.1 por ciento. * Pregunta realizada del 22 al 26 de agosto (n=528).<\/p>\n\n\n\n<p>(Informaci\u00f3n de \u201cEl Financiero\u201d)<\/p>\n","protected":false},"excerpt":{"rendered":"<p>Redacci\u00f3n\/Zona Roja Cdmx. Ciudad de M\u00e9xico, a 2 de septiembre de 2024.- El presidente Andr\u00e9s&hellip;<\/p>\n","protected":false},"author":2,"featured_media":72042,"comment_status":"closed","ping_status":"open","sticky":false,"template":"","format":"standard","meta":{"_lmt_disableupdate":"","_lmt_disable":"","_jetpack_memberships_contains_paid_content":false,"footnotes":""},"categories":[109,46],"tags":[143],"class_list":["post-72041","post","type-post","status-publish","format-standard","has-post-thumbnail","hentry","category-minuto-a-minuto","category-zona-blanca","tag-andres-manuel-lopez-obrador"],"jetpack_featured_media_url":"https:\/\/zonaroja.com.mx\/wp-content\/uploads\/2024\/09\/Presidente-Andres-Manuel-Lopez.jpeg","jetpack_sharing_enabled":true,"_links":{"self":[{"href":"https:\/\/zonaroja.com.mx\/index.php?rest_route=\/wp\/v2\/posts\/72041","targetHints":{"allow":["GET"]}}],"collection":[{"href":"https:\/\/zonaroja.com.mx\/index.php?rest_route=\/wp\/v2\/posts"}],"about":[{"href":"https:\/\/zonaroja.com.mx\/index.php?rest_route=\/wp\/v2\/types\/post"}],"author":[{"embeddable":true,"href":"https:\/\/zonaroja.com.mx\/index.php?rest_route=\/wp\/v2\/users\/2"}],"replies":[{"embeddable":true,"href":"https:\/\/zonaroja.com.mx\/index.php?rest_route=%2Fwp%2Fv2%2Fcomments&post=72041"}],"version-history":[{"count":1,"href":"https:\/\/zonaroja.com.mx\/index.php?rest_route=\/wp\/v2\/posts\/72041\/revisions"}],"predecessor-version":[{"id":72043,"href":"https:\/\/zonaroja.com.mx\/index.php?rest_route=\/wp\/v2\/posts\/72041\/revisions\/72043"}],"wp:featuredmedia":[{"embeddable":true,"href":"https:\/\/zonaroja.com.mx\/index.php?rest_route=\/wp\/v2\/media\/72042"}],"wp:attachment":[{"href":"https:\/\/zonaroja.com.mx\/index.php?rest_route=%2Fwp%2Fv2%2Fmedia&parent=72041"}],"wp:term":[{"taxonomy":"category","embeddable":true,"href":"https:\/\/zonaroja.com.mx\/index.php?rest_route=%2Fwp%2Fv2%2Fcategories&post=72041"},{"taxonomy":"post_tag","embeddable":true,"href":"https:\/\/zonaroja.com.mx\/index.php?rest_route=%2Fwp%2Fv2%2Ftags&post=72041"}],"curies":[{"name":"wp","href":"https:\/\/api.w.org\/{rel}","templated":true}]}}