{"id":72044,"date":"2024-09-02T19:08:39","date_gmt":"2024-09-03T01:08:39","guid":{"rendered":"https:\/\/zonaroja.com.mx\/?p=72044"},"modified":"2024-09-02T19:08:41","modified_gmt":"2024-09-03T01:08:41","slug":"cuatro-creadores-del-casa-seleccionados-para-residencias-artisticas","status":"publish","type":"post","link":"https:\/\/zonaroja.com.mx\/?p=72044","title":{"rendered":"Cuatro creadores del CaSa seleccionados para residencias art\u00edsticas"},"content":{"rendered":"\n<p>Redacci\u00f3n\/Zona Roja.<\/p>\n\n\n\n<p>Oaxaca de Ju\u00e1rez, Oax., a 2 de septiembre de 2024.- El Sistema de Apoyos a la Creaci\u00f3n y Proyectos Culturales (SACPC) anunci\u00f3 a los seleccionados para la convocatoria de Residencias Art\u00edsticas en la modalidad Libre Gesti\u00f3n. Este apoyo permitir\u00e1 a los artistas desarrollar o concluir proyectos en reconocidas instituciones internacionales, enriqueciendo su trabajo y fomentando el intercambio cultural.<\/p>\n\n\n\n<p>Los seleccionados de la comunidad art\u00edstica del CaSa son Alex Paul Castillo Ram\u00edrez, Luvia Lazo Guti\u00e9rrez, Lissette Jim\u00e9nez D\u00edaz y Eva Alicia L\u00e9piz Rom\u00e1n, quienes han participado activamente en programas y talleres en el CaSa, fortaleciendo su formaci\u00f3n art\u00edstica.<\/p>\n\n\n\n<p>Paul Castillo\u00a0colaborar\u00e1 con la\u00a0Universidad de Talca\u00a0en Chile, cuya Escuela de Arquitectura ha ganado reconocimiento internacional, participando en la Bienal de Venecia y destac\u00e1ndose por su enfoque en la arquitectura sustentable y la inclusi\u00f3n social. La universidad recibi\u00f3 el Global Award for Sustainable Architecture en el 2015. <\/p>\n\n\n\n<p>Castillo, quien form\u00f3 parte del Diplomado de Procedimientos y Sistemas Constructivos Tradicionales en el CaSa, comenta: \u201cDeseo crear puentes entre el entendimiento cultural, asimilando tanto las similitudes, como las diferencias en la arquitectura tradicional en Latinoam\u00e9rica\u201d.<\/p>\n\n\n\n<p>Lissette Jim\u00e9nez\u00a0desarrollar\u00e1 su proyecto \u00abSediments\u00bb en\u00a0CAST (Cornubian Arts &amp; Science Trust)\u00a0en Reino Unido, un centro multidisciplinario en Cornwall conocido por su enfoque en proyectos de investigaci\u00f3n art\u00edstica que cruzan fronteras entre disciplinas y exploran nuevas formas de producci\u00f3n creativa. <\/p>\n\n\n\n<p>Jim\u00e9nez, quien curs\u00f3 el Diplomado de Producci\u00f3n de Artes Visuales coordinado por Laureana Toledo y particip\u00f3 en varios talleres de Curadur\u00eda y Producci\u00f3n Art\u00edstica en el CaSa, asegura: \u201cLo m\u00e1s valioso de estar en el CaSa es ser parte de esta comunidad art\u00edstica\u201d.<\/p>\n\n\n\n<p>Eva L\u00e9piz&nbsp;realizar\u00e1 su residencia con&nbsp;Tbilisi Photo Festival&nbsp;en Georgia, uno de los eventos m\u00e1s importantes de fotograf\u00eda en el C\u00e1ucaso, que promueve el di\u00e1logo intercultural y la fotograf\u00eda documental. L\u00e9piz ha cursado varios talleres en el CaSa, incluyendo el Seminario de Fotograf\u00eda Contempor\u00e1nea CaSa\/Centro de la Imagen y el Diplomado de Fotograf\u00eda Documental con Joan Liftin y Antoine D\u2019Agata; tambi\u00e9n ha impartido talleres de fotograf\u00eda y retrato.&nbsp;<\/p>\n\n\n\n<p>Sobre su residencia, comenta: \u201cEspero explorar el entorno y tener acceso a ciertos lugares para retratar una variedad de personas en la vida cultural, conocer a profundidad las creencias religiosas, los rastros que hay del pasado reciente\u201d.<\/p>\n\n\n\n<p>Luvia Lazo&nbsp;llevar\u00e1 a cabo su residencia en el&nbsp;Bronx Documentary Center (BDC)&nbsp;en Nueva York, un espacio dedicado a la fotograf\u00eda documental y el cine con un fuerte enfoque en temas de justicia social. Con su proyecto \u00ab\u00d1a\u2019a To\u2019o (Mujer for\u00e1nea)\u00bb, Lazo busca documentar la experiencia migratoria. Lazo relata: \u201ca mi me llamaban \u00d1a\u2019a to\u2019o en un pueblo de la mixteca que visitaba muy seguido.&nbsp;<\/p>\n\n\n\n<p>As\u00ed que he trasladado este concepto a Nueva York, donde voy a documentar la experiencia de un par de mujeres que migraron de aqu\u00ed, y ahora ellas son las \u00d1a\u2019a to\u2019o\u201d. Adem\u00e1s, Lazo describe su experiencia en el CaSa: <\/p>\n\n\n\n<p>\u201cEl CaSa ha sido una escuela, un espacio generoso, en el que pude acceder a conocimientos que dif\u00edcilmente habr\u00eda encontrado en otros sitios. All\u00ed aprend\u00ed sobre la narrativa y a contar historias a trav\u00e9s de lo visual. En mi caso, con la fotograf\u00eda\u201d.<\/p>\n\n\n\n<p>\u00abEl reconocimiento de estos cuatro creadores reafirma la excelencia de los programas del CaSa. Con rigor internacional y una idiosincrasia local, nuestros programas contin\u00faan abriendo puertas y generando oportunidades globales para nuestra comunidad art\u00edstica\u201d, comenta Daniel Brena, director del CaSa.<\/p>\n","protected":false},"excerpt":{"rendered":"<p>Redacci\u00f3n\/Zona Roja. Oaxaca de Ju\u00e1rez, Oax., a 2 de septiembre de 2024.- El Sistema de&hellip;<\/p>\n","protected":false},"author":2,"featured_media":72045,"comment_status":"closed","ping_status":"open","sticky":false,"template":"","format":"standard","meta":{"_lmt_disableupdate":"","_lmt_disable":"","_jetpack_memberships_contains_paid_content":false,"footnotes":""},"categories":[109,46],"tags":[1148],"class_list":["post-72044","post","type-post","status-publish","format-standard","has-post-thumbnail","hentry","category-minuto-a-minuto","category-zona-blanca","tag-centro-de-las-artes-san-agustin-casa"],"jetpack_featured_media_url":"https:\/\/zonaroja.com.mx\/wp-content\/uploads\/2024\/09\/Comunidad-CaSA-1.jpg","jetpack_sharing_enabled":true,"_links":{"self":[{"href":"https:\/\/zonaroja.com.mx\/index.php?rest_route=\/wp\/v2\/posts\/72044","targetHints":{"allow":["GET"]}}],"collection":[{"href":"https:\/\/zonaroja.com.mx\/index.php?rest_route=\/wp\/v2\/posts"}],"about":[{"href":"https:\/\/zonaroja.com.mx\/index.php?rest_route=\/wp\/v2\/types\/post"}],"author":[{"embeddable":true,"href":"https:\/\/zonaroja.com.mx\/index.php?rest_route=\/wp\/v2\/users\/2"}],"replies":[{"embeddable":true,"href":"https:\/\/zonaroja.com.mx\/index.php?rest_route=%2Fwp%2Fv2%2Fcomments&post=72044"}],"version-history":[{"count":1,"href":"https:\/\/zonaroja.com.mx\/index.php?rest_route=\/wp\/v2\/posts\/72044\/revisions"}],"predecessor-version":[{"id":72046,"href":"https:\/\/zonaroja.com.mx\/index.php?rest_route=\/wp\/v2\/posts\/72044\/revisions\/72046"}],"wp:featuredmedia":[{"embeddable":true,"href":"https:\/\/zonaroja.com.mx\/index.php?rest_route=\/wp\/v2\/media\/72045"}],"wp:attachment":[{"href":"https:\/\/zonaroja.com.mx\/index.php?rest_route=%2Fwp%2Fv2%2Fmedia&parent=72044"}],"wp:term":[{"taxonomy":"category","embeddable":true,"href":"https:\/\/zonaroja.com.mx\/index.php?rest_route=%2Fwp%2Fv2%2Fcategories&post=72044"},{"taxonomy":"post_tag","embeddable":true,"href":"https:\/\/zonaroja.com.mx\/index.php?rest_route=%2Fwp%2Fv2%2Ftags&post=72044"}],"curies":[{"name":"wp","href":"https:\/\/api.w.org\/{rel}","templated":true}]}}