{"id":72047,"date":"2024-09-02T21:26:19","date_gmt":"2024-09-03T03:26:19","guid":{"rendered":"https:\/\/zonaroja.com.mx\/?p=72047"},"modified":"2024-09-02T21:26:21","modified_gmt":"2024-09-03T03:26:21","slug":"istmo-otra-vez-asesinan-a-individuo-y-lesionan-a-una-mujer","status":"publish","type":"post","link":"https:\/\/zonaroja.com.mx\/?p=72047","title":{"rendered":"Istmo otra vez: asesinan a individuo y lesionan a una mujer"},"content":{"rendered":"\n<p>Raymundo Morales\/Zona Roja.<\/p>\n\n\n\n<p>Oaxaca de Ju\u00e1rez, Oax., a 2 de septiembre de 2024.- La violencia criminal no cesa en la regi\u00f3n del Istmo de Tehuantepec.<\/p>\n\n\n\n<p>Este lunes por la tarde se registr\u00f3 un ataque armado en el municipio de San Blas Atempa, que dej\u00f3 como saldo un individuo asesinado y una mujer lesionada de gravedad.<\/p>\n\n\n\n<p>La pareja transitaba a bordo de su veh\u00edculo color negro, marca Chevrolet, por la calle Francisco Cort\u00e9s, en el centro de dicha municipalidad, cuando ocurri\u00f3 la agresi\u00f3n por parte de sujetos que se desplazaban en una motocicleta y que no pudieron ser interceptados.<\/p>\n\n\n\n<p>La v\u00edctima fatal fue identificada como Rom\u00e1n R. S., mientras que su esposa Aracely \u201cN\u201d convalece en un nosocomio.<\/p>\n\n\n\n<p>Despu\u00e9s de los hechos arribaron elementos policiacos de distintas corporaciones pero \u00fanicamente hallaron una motocicleta abandonada, presuntamente de los agresores; pese a operativos de b\u00fasqueda, no lograron dar con los delincuentes.<\/p>\n\n\n\n<p>Personal de la Vicefiscal\u00eda Regional del Istmo, dependiente de la Fiscal\u00eda General del Estado de Oaxaca, inici\u00f3 las indagatorias correspondientes y hasta el momento no cuenta con pista de los probables homicidas.<\/p>\n","protected":false},"excerpt":{"rendered":"<p>Raymundo Morales\/Zona Roja. Oaxaca de Ju\u00e1rez, Oax., a 2 de septiembre de 2024.- La violencia&hellip;<\/p>\n","protected":false},"author":2,"featured_media":72048,"comment_status":"closed","ping_status":"open","sticky":false,"template":"","format":"standard","meta":{"_lmt_disableupdate":"","_lmt_disable":"","_jetpack_memberships_contains_paid_content":false,"footnotes":""},"categories":[1,51],"tags":[179],"class_list":["post-72047","post","type-post","status-publish","format-standard","has-post-thumbnail","hentry","category-sin-categoria","category-zona-roja","tag-san-blas-atempa"],"jetpack_featured_media_url":"https:\/\/zonaroja.com.mx\/wp-content\/uploads\/2024\/09\/Asesinado-San-Blas-Atempa.jpg","jetpack_sharing_enabled":true,"_links":{"self":[{"href":"https:\/\/zonaroja.com.mx\/index.php?rest_route=\/wp\/v2\/posts\/72047","targetHints":{"allow":["GET"]}}],"collection":[{"href":"https:\/\/zonaroja.com.mx\/index.php?rest_route=\/wp\/v2\/posts"}],"about":[{"href":"https:\/\/zonaroja.com.mx\/index.php?rest_route=\/wp\/v2\/types\/post"}],"author":[{"embeddable":true,"href":"https:\/\/zonaroja.com.mx\/index.php?rest_route=\/wp\/v2\/users\/2"}],"replies":[{"embeddable":true,"href":"https:\/\/zonaroja.com.mx\/index.php?rest_route=%2Fwp%2Fv2%2Fcomments&post=72047"}],"version-history":[{"count":1,"href":"https:\/\/zonaroja.com.mx\/index.php?rest_route=\/wp\/v2\/posts\/72047\/revisions"}],"predecessor-version":[{"id":72049,"href":"https:\/\/zonaroja.com.mx\/index.php?rest_route=\/wp\/v2\/posts\/72047\/revisions\/72049"}],"wp:featuredmedia":[{"embeddable":true,"href":"https:\/\/zonaroja.com.mx\/index.php?rest_route=\/wp\/v2\/media\/72048"}],"wp:attachment":[{"href":"https:\/\/zonaroja.com.mx\/index.php?rest_route=%2Fwp%2Fv2%2Fmedia&parent=72047"}],"wp:term":[{"taxonomy":"category","embeddable":true,"href":"https:\/\/zonaroja.com.mx\/index.php?rest_route=%2Fwp%2Fv2%2Fcategories&post=72047"},{"taxonomy":"post_tag","embeddable":true,"href":"https:\/\/zonaroja.com.mx\/index.php?rest_route=%2Fwp%2Fv2%2Ftags&post=72047"}],"curies":[{"name":"wp","href":"https:\/\/api.w.org\/{rel}","templated":true}]}}