{"id":72059,"date":"2024-09-03T08:16:00","date_gmt":"2024-09-03T14:16:00","guid":{"rendered":"https:\/\/zonaroja.com.mx\/?p=72059"},"modified":"2024-09-03T07:20:27","modified_gmt":"2024-09-03T13:20:27","slug":"la-suprema-corte-tambien-se-va-a-paro-nacional-ante-reformas","status":"publish","type":"post","link":"https:\/\/zonaroja.com.mx\/?p=72059","title":{"rendered":"La Suprema Corte tambi\u00e9n se va a paro nacional, ante reformas"},"content":{"rendered":"\n<p>Redacci\u00f3n\/Zona Roja Cdmx.<\/p>\n\n\n\n<p>Ciudad de M\u00e9xico, a 3 de septiembre de 2024.- Tras una extensa jornada en donde trabajadores del Suprema Corte de Justicia de la Naci\u00f3n (SCJN) emitieron su voto para definir la ruta de su protesta en contra de la iniciativa de reforma constitucional al Poder Judicial, la mayor\u00eda se posicion\u00f3 a favor de sumarse a un paro indefinido de labores.<\/p>\n\n\n\n<p>A lo largo del lunes 2 de septiembre de 2024, trabajadores de la Suprema Corte de Justicia de la Naci\u00f3n (SCJN) acudieron al \u00e1rea de murales para emitir su voto y discutir la posici\u00f3n que tomar\u00e1 su colectivo ante la reforma en materia judicial, la cual comenzar\u00e1 a ser discutida desde el pr\u00f3ximo martes 3 y hasta el mi\u00e9rcoles 4 de septiembre de 2024.<\/p>\n\n\n\n<p>\u201c\u00a1Es inminente el paro indefinido de trabajadores del Poder Judicial en la Suprema Corte de Justicia de la Naci\u00f3n (SCJN) a partir de ma\u00f1ana! \u00a1En breve se dar\u00e1 a conocer oficialmente el resultado de la votaci\u00f3n realizada en las \u00faltimas horas! \u00a1Estamos frente a una coyuntura hist\u00f3rica!\u201d, escribi\u00f3 el periodista Enrique Rodr\u00edguez en su cuenta verificada de la red social X, antes Twitter.<\/p>\n\n\n\n<p>La finalizaci\u00f3n de la jornada donde los trabajadores acudieron a emitir su voto estuvo programada para las 15:00 horas de este lunes 2 de septiembre de 2024. Despu\u00e9s de ello, el personal realiz\u00f3 el conteo de los votos y, una vez que cuenten con la cifra oficial, har\u00e1n llegar la noticia a los 11 ministros que horas antes sostuvieron una reuni\u00f3n a puerta cerrada.<\/p>\n\n\n\n<p>De acuerdo con los t\u00e9rminos de la planeaci\u00f3n y la convocatoria, el paro indefinido de labores comenzar\u00e1 a partir del pr\u00f3ximo martes 3 de septiembre de 2024, es decir, el mismo d\u00eda en que comenzar\u00e1 la discusi\u00f3n de la iniciativa de reforma constitucional en materia judicial en la C\u00e1mara de Diputados, seg\u00fan inform\u00f3 la Junta de Coordinaci\u00f3n Pol\u00edtica (Jucopo).<\/p>\n\n\n\n<p>Cabe mencionar que la ministra Lenia Batres Guadarrama present\u00f3 una solicitud para instar al Consejo de la Judicatura Federal (CJF) a tomar las medidas necesarias para garantizar la funci\u00f3n jurisdiccional y que el paro apoyado por algunos jueces y magistrados no implique una \u201clesi\u00f3n\u201d al derecho humano de acceso a la justicia. No obstante, luego de su discusi\u00f3n, la misma fue rechazada por mayor\u00eda de nueve votos, seg\u00fan dio a conocer la autora de la propuesta en sus redes sociales.<\/p>\n\n\n\n<p>Cabe mencionar que la ministra Lenia Batres Guadarrama present\u00f3 una solicitud para instar al Consejo de la Judicatura Federal (CJF) a tomar las medidas necesarias para garantizar la funci\u00f3n jurisdiccional y que el paro apoyado por algunos jueces y magistrados no implique una \u201clesi\u00f3n\u201d al derecho humano de acceso a la justicia. No obstante, luego de su discusi\u00f3n, la misma fue rechazada por mayor\u00eda de nueve votos, seg\u00fan dio a conocer la autora de la propuesta en sus redes sociales.<\/p>\n\n\n\n<p>(Informaci\u00f3n de Infobae M\u00e9xico)<\/p>\n","protected":false},"excerpt":{"rendered":"<p>Redacci\u00f3n\/Zona Roja Cdmx. Ciudad de M\u00e9xico, a 3 de septiembre de 2024.- Tras una extensa&hellip;<\/p>\n","protected":false},"author":2,"featured_media":72060,"comment_status":"closed","ping_status":"open","sticky":false,"template":"","format":"standard","meta":{"_lmt_disableupdate":"","_lmt_disable":"","_jetpack_memberships_contains_paid_content":false,"footnotes":""},"categories":[109,47],"tags":[4033],"class_list":["post-72059","post","type-post","status-publish","format-standard","has-post-thumbnail","hentry","category-minuto-a-minuto","category-zona-gris","tag-paro-poder-judicial-de-la-federacion"],"jetpack_featured_media_url":"https:\/\/zonaroja.com.mx\/wp-content\/uploads\/2024\/09\/Paro-Suprema-Corte-Poder-Judicial.jpeg","jetpack_sharing_enabled":true,"_links":{"self":[{"href":"https:\/\/zonaroja.com.mx\/index.php?rest_route=\/wp\/v2\/posts\/72059","targetHints":{"allow":["GET"]}}],"collection":[{"href":"https:\/\/zonaroja.com.mx\/index.php?rest_route=\/wp\/v2\/posts"}],"about":[{"href":"https:\/\/zonaroja.com.mx\/index.php?rest_route=\/wp\/v2\/types\/post"}],"author":[{"embeddable":true,"href":"https:\/\/zonaroja.com.mx\/index.php?rest_route=\/wp\/v2\/users\/2"}],"replies":[{"embeddable":true,"href":"https:\/\/zonaroja.com.mx\/index.php?rest_route=%2Fwp%2Fv2%2Fcomments&post=72059"}],"version-history":[{"count":1,"href":"https:\/\/zonaroja.com.mx\/index.php?rest_route=\/wp\/v2\/posts\/72059\/revisions"}],"predecessor-version":[{"id":72061,"href":"https:\/\/zonaroja.com.mx\/index.php?rest_route=\/wp\/v2\/posts\/72059\/revisions\/72061"}],"wp:featuredmedia":[{"embeddable":true,"href":"https:\/\/zonaroja.com.mx\/index.php?rest_route=\/wp\/v2\/media\/72060"}],"wp:attachment":[{"href":"https:\/\/zonaroja.com.mx\/index.php?rest_route=%2Fwp%2Fv2%2Fmedia&parent=72059"}],"wp:term":[{"taxonomy":"category","embeddable":true,"href":"https:\/\/zonaroja.com.mx\/index.php?rest_route=%2Fwp%2Fv2%2Fcategories&post=72059"},{"taxonomy":"post_tag","embeddable":true,"href":"https:\/\/zonaroja.com.mx\/index.php?rest_route=%2Fwp%2Fv2%2Ftags&post=72059"}],"curies":[{"name":"wp","href":"https:\/\/api.w.org\/{rel}","templated":true}]}}