{"id":72065,"date":"2024-09-03T09:30:00","date_gmt":"2024-09-03T15:30:00","guid":{"rendered":"https:\/\/zonaroja.com.mx\/?p=72065"},"modified":"2024-09-03T07:50:05","modified_gmt":"2024-09-03T13:50:05","slug":"registra-oaxaca-en-tercer-trimestre-del-ano-aumento-en-ocupacion-y-empleo","status":"publish","type":"post","link":"https:\/\/zonaroja.com.mx\/?p=72065","title":{"rendered":"Registra Oaxaca en tercer trimestre del a\u00f1o aumento en ocupaci\u00f3n y empleo"},"content":{"rendered":"\n<p>Redacci\u00f3n\/Zona Roja.<\/p>\n\n\n\n<p>Oaxaca de Ju\u00e1rez, Oax., a 3 de septiembre de 2024.- En el segundo trimestre de 2024, la Poblaci\u00f3n Econ\u00f3micamente Activa (PEA) \u2014es decir, la poblaci\u00f3n que la semana anterior a la entrevista se encontraba ocupada o desocupada\u2014 fue de un mill\u00f3n 886 mil 140, detall\u00f3 el Inegi.<\/p>\n\n\n\n<p>Esta cifra representa 49 mil 665 personas m\u00e1s que en el mismo periodo del a\u00f1o anterior. Seg\u00fan sexo, la PEA masculina comprendi\u00f3 un mill\u00f3n 127 565: un aumento de 34 mil 283 hombres. La PEA femenina de 758 mil 575, con 15 mil 382 mujeres m\u00e1s que en el segundo trimestre de 2023.<\/p>\n\n\n\n<p>De acuerdo con la Encuesta Nacional de Ocupaci\u00f3n y Empleo (ENOE), en el mismo lapso de este a\u00f1o, la tasa de participaci\u00f3n econ\u00f3mica fue de 58.7% de la poblaci\u00f3n en edad para trabajar, cifra mayor en 0.1 puntos porcentuales a la del segundo trimestre de 2023.<\/p>\n\n\n\n<p>La tasa de participaci\u00f3n econ\u00f3mica masculina represent\u00f3 76.8%, cifra superior en 0.1 puntos porcentuales. La tasa femenina de 43.5%, igual a la del mismo trimestre del a\u00f1o anterior.<\/p>\n\n\n\n<p>En el segundo trimestre de 2024, la poblaci\u00f3n ocupada \u2014quienes trabajaron en la semana anterior a la entrevista o quienes no trabajaron esa semana, pero manten\u00edan un v\u00ednculo laboral con la unidad econ\u00f3mica para la que trabajan\u2014 fue de 98.8%, y la poblaci\u00f3n desocupada \u2014la que no contaba con trabajo, pero busc\u00f3 uno en el \u00faltimo mes\u2014 de 1.2% de la PEA.<\/p>\n\n\n\n<p>Al distinguir por sexo, de la PEA masculina y femenina, 98.8% se mantuvo ocupada, y 1.2% desocupada, en ambos casos.<\/p>\n\n\n\n<p>La poblaci\u00f3n no econ\u00f3micamente activa (PNEA) fue de un mill\u00f3n 326 mil 863 personas (41.3% de la poblaci\u00f3n de 15 a\u00f1os y m\u00e1s de edad), 27 mil 986 m\u00e1s que en el segundo trimestre de 2023. &nbsp;<\/p>\n\n\n\n<p>Entre el segundo trimestre de 2023 y el mismo periodo de 2024, la PNEA disponible para trabajar disminuy\u00f3 en 12 299 personas y la pnea no disponible para trabajar, aument\u00f3 en 40 285. Por sexo; en los hombres, la disponible con un mill\u00f3n 770 m\u00e1s y la no disponible tambi\u00e9n aument\u00f3 con seis 299. Para las mujeres, la disponible con 14 mil 069 menos y la no disponible con 33 mil 986 personas m\u00e1s.<\/p>\n\n\n\n<p>(Comunicado)<\/p>\n","protected":false},"excerpt":{"rendered":"<p>Redacci\u00f3n\/Zona Roja. Oaxaca de Ju\u00e1rez, Oax., a 3 de septiembre de 2024.- En el segundo&hellip;<\/p>\n","protected":false},"author":2,"featured_media":65923,"comment_status":"closed","ping_status":"open","sticky":false,"template":"","format":"standard","meta":{"_lmt_disableupdate":"","_lmt_disable":"","_jetpack_memberships_contains_paid_content":false,"footnotes":""},"categories":[109,46],"tags":[1702],"class_list":["post-72065","post","type-post","status-publish","format-standard","has-post-thumbnail","hentry","category-minuto-a-minuto","category-zona-blanca","tag-encuesta-nacional-de-ocupacion-y-empleo-enoe"],"jetpack_featured_media_url":"https:\/\/zonaroja.com.mx\/wp-content\/uploads\/2024\/03\/Asalariados-empleo-crecimiento.jpeg","jetpack_sharing_enabled":true,"_links":{"self":[{"href":"https:\/\/zonaroja.com.mx\/index.php?rest_route=\/wp\/v2\/posts\/72065","targetHints":{"allow":["GET"]}}],"collection":[{"href":"https:\/\/zonaroja.com.mx\/index.php?rest_route=\/wp\/v2\/posts"}],"about":[{"href":"https:\/\/zonaroja.com.mx\/index.php?rest_route=\/wp\/v2\/types\/post"}],"author":[{"embeddable":true,"href":"https:\/\/zonaroja.com.mx\/index.php?rest_route=\/wp\/v2\/users\/2"}],"replies":[{"embeddable":true,"href":"https:\/\/zonaroja.com.mx\/index.php?rest_route=%2Fwp%2Fv2%2Fcomments&post=72065"}],"version-history":[{"count":1,"href":"https:\/\/zonaroja.com.mx\/index.php?rest_route=\/wp\/v2\/posts\/72065\/revisions"}],"predecessor-version":[{"id":72066,"href":"https:\/\/zonaroja.com.mx\/index.php?rest_route=\/wp\/v2\/posts\/72065\/revisions\/72066"}],"wp:featuredmedia":[{"embeddable":true,"href":"https:\/\/zonaroja.com.mx\/index.php?rest_route=\/wp\/v2\/media\/65923"}],"wp:attachment":[{"href":"https:\/\/zonaroja.com.mx\/index.php?rest_route=%2Fwp%2Fv2%2Fmedia&parent=72065"}],"wp:term":[{"taxonomy":"category","embeddable":true,"href":"https:\/\/zonaroja.com.mx\/index.php?rest_route=%2Fwp%2Fv2%2Fcategories&post=72065"},{"taxonomy":"post_tag","embeddable":true,"href":"https:\/\/zonaroja.com.mx\/index.php?rest_route=%2Fwp%2Fv2%2Ftags&post=72065"}],"curies":[{"name":"wp","href":"https:\/\/api.w.org\/{rel}","templated":true}]}}