{"id":72067,"date":"2024-09-03T10:01:00","date_gmt":"2024-09-03T16:01:00","guid":{"rendered":"https:\/\/zonaroja.com.mx\/?p=72067"},"modified":"2024-09-03T08:03:37","modified_gmt":"2024-09-03T14:03:37","slug":"tambien-en-guerrero-detienen-a-seis-policias-por-desaparicion-forzada","status":"publish","type":"post","link":"https:\/\/zonaroja.com.mx\/?p=72067","title":{"rendered":"Tambi\u00e9n en Guerrero detienen a seis polic\u00edas, por desaparici\u00f3n forzada"},"content":{"rendered":"\n<p>Redacci\u00f3n\/Zona Roja Cdmx.<\/p>\n\n\n\n<p>Ciudad de M\u00e9xico, a 3 de septiembre de 2024.- La Fiscal\u00eda de Guerrero cumpliment\u00f3&nbsp;una orden de aprehensi\u00f3n en contra de seis polic\u00edas en activo de Taxco, por su implicaci\u00f3n en el delito de desaparici\u00f3n forzada, en agravio de una v\u00edctima de identidad reservada.<\/p>\n\n\n\n<p>En un comunicado, la Fiscal\u00eda estatal identific\u00f3 a los detenidos como Luis \u201cN\u201d, David \u201cN\u201d, Carlos \u201cN\u201d, Cristofer \u201cN\u201d, Alexis \u201cN\u201d y \u00c1ngel \u201cN\u201d.<\/p>\n\n\n\n<p>\u201cEn seguimiento puntual de las investigaciones y derivado de las acciones implementadas, la FGE Guerrero ejecut\u00f3 una orden de aprehensi\u00f3n girada por una Juez de Control en contra de los seis polic\u00edas municipales procediendo con la presentaci\u00f3n de los imputados ante la autoridad correspondiente que los requer\u00eda\u201d, indic\u00f3 la autoridad estatal.<\/p>\n\n\n\n<p>Se apunt\u00f3 que la identidad de los polic\u00edas de Taxco fue acreditada por la autoridad municipal correspondiente.<\/p>\n\n\n\n<p>En la audiencia inicial, celebrada el 31 de agosto, una Jueza dict\u00f3 la medida cautelar de prisi\u00f3n preventiva justificada para los seis imputados, quienes permanecer\u00e1n recluidos en el Centro de Reinserci\u00f3n Social (Cereso) de Iguala.<\/p>\n\n\n\n<p>La Fiscal\u00eda de Guerrero indic\u00f3 que las investigaciones sobre este caso continuar\u00e1n en los pr\u00f3ximos d\u00edas.<\/p>\n\n\n\n<p>La detenci\u00f3n de estos polic\u00edas ocurri\u00f3 el 29 de agosto, cuando la Fiscal\u00eda estatal, con apoyo de personal del Ej\u00e9rcito Mexicano, Polic\u00eda de Guerrero y Guardia Nacional, cate\u00f3 un inmueble que alberga las instalaciones de seguridad p\u00fablica en Taxco.<\/p>\n\n\n\n<p>Ese d\u00eda, fueron capturadas diez personas, de las cuales tres se identificaron como polic\u00edas de dicho municipio guerrerense.<\/p>\n\n\n\n<p>Con informaci\u00f3n de L\u00f3pez-D\u00f3riga Digital<\/p>\n","protected":false},"excerpt":{"rendered":"<p>Redacci\u00f3n\/Zona Roja Cdmx. Ciudad de M\u00e9xico, a 3 de septiembre de 2024.- La Fiscal\u00eda de&hellip;<\/p>\n","protected":false},"author":2,"featured_media":72070,"comment_status":"closed","ping_status":"open","sticky":false,"template":"","format":"standard","meta":{"_lmt_disableupdate":"","_lmt_disable":"","_jetpack_memberships_contains_paid_content":false,"footnotes":""},"categories":[109,47],"tags":[80],"class_list":["post-72067","post","type-post","status-publish","format-standard","has-post-thumbnail","hentry","category-minuto-a-minuto","category-zona-gris","tag-guerrero"],"jetpack_featured_media_url":"https:\/\/zonaroja.com.mx\/wp-content\/uploads\/2024\/09\/seis-policias-detenidos-taxco-guerrero.jpg.webp","jetpack_sharing_enabled":true,"_links":{"self":[{"href":"https:\/\/zonaroja.com.mx\/index.php?rest_route=\/wp\/v2\/posts\/72067","targetHints":{"allow":["GET"]}}],"collection":[{"href":"https:\/\/zonaroja.com.mx\/index.php?rest_route=\/wp\/v2\/posts"}],"about":[{"href":"https:\/\/zonaroja.com.mx\/index.php?rest_route=\/wp\/v2\/types\/post"}],"author":[{"embeddable":true,"href":"https:\/\/zonaroja.com.mx\/index.php?rest_route=\/wp\/v2\/users\/2"}],"replies":[{"embeddable":true,"href":"https:\/\/zonaroja.com.mx\/index.php?rest_route=%2Fwp%2Fv2%2Fcomments&post=72067"}],"version-history":[{"count":1,"href":"https:\/\/zonaroja.com.mx\/index.php?rest_route=\/wp\/v2\/posts\/72067\/revisions"}],"predecessor-version":[{"id":72071,"href":"https:\/\/zonaroja.com.mx\/index.php?rest_route=\/wp\/v2\/posts\/72067\/revisions\/72071"}],"wp:featuredmedia":[{"embeddable":true,"href":"https:\/\/zonaroja.com.mx\/index.php?rest_route=\/wp\/v2\/media\/72070"}],"wp:attachment":[{"href":"https:\/\/zonaroja.com.mx\/index.php?rest_route=%2Fwp%2Fv2%2Fmedia&parent=72067"}],"wp:term":[{"taxonomy":"category","embeddable":true,"href":"https:\/\/zonaroja.com.mx\/index.php?rest_route=%2Fwp%2Fv2%2Fcategories&post=72067"},{"taxonomy":"post_tag","embeddable":true,"href":"https:\/\/zonaroja.com.mx\/index.php?rest_route=%2Fwp%2Fv2%2Ftags&post=72067"}],"curies":[{"name":"wp","href":"https:\/\/api.w.org\/{rel}","templated":true}]}}