{"id":72077,"date":"2024-09-03T08:33:45","date_gmt":"2024-09-03T14:33:45","guid":{"rendered":"https:\/\/zonaroja.com.mx\/?p=72077"},"modified":"2024-09-03T08:33:47","modified_gmt":"2024-09-03T14:33:47","slug":"asesinan-a-balazos-a-un-hombre-y-una-mujer-en-juquila-oaxaca","status":"publish","type":"post","link":"https:\/\/zonaroja.com.mx\/?p=72077","title":{"rendered":"Asesinan a balazos a un hombre y una mujer en Juquila, Oaxaca"},"content":{"rendered":"\n<p>Raymundo Morales\/Zona Roja.<\/p>\n\n\n\n<p>Oaxaca de Ju\u00e1rez, Oax., a 3 de septiembre de 2024.- Un hombre y al parecer una mujer que viajaban en su unidad de otro, fueron asesinados a balazos en jurisdicci\u00f3n de Santa Catarina Juquila, municipio de la regi\u00f3n Costa del estado.<\/p>\n\n\n\n<p>De acuerdo con informes policiacos preliminares, la parea se trasladaba en su camioneta tipo redilas con rumbo a su San Miguel Panixtlahuaca, cuando fueron acribillados, a la altura del reclusorio de Juquila.<\/p>\n\n\n\n<p>Seg\u00fan los primeros datos tambi\u00e9n, las v\u00edctimas fueron identificadas de manera preliminar como Luis C. R., y Yesey M. C., originarios de Santo Domingo Tejomulco, distrito de Sola de Vega.<\/p>\n\n\n\n<p>Hasta el momento no se tiene conocimiento de personas detenidas por este doble crimen y no hab\u00eda polic\u00edas municipales en la zona, a pesar de que fue a la luz del d\u00eda.<\/p>\n\n\n\n<p>Personal de la Fiscal\u00eda General del Estado de Oaxaca inici\u00f3 con las indagatorias correspondientes para dar con el paradero de los responsables.<\/p>\n","protected":false},"excerpt":{"rendered":"<p>Raymundo Morales\/Zona Roja. Oaxaca de Ju\u00e1rez, Oax., a 3 de septiembre de 2024.- Un hombre&hellip;<\/p>\n","protected":false},"author":2,"featured_media":72078,"comment_status":"closed","ping_status":"open","sticky":false,"template":"","format":"standard","meta":{"_lmt_disableupdate":"","_lmt_disable":"","_jetpack_memberships_contains_paid_content":false,"footnotes":""},"categories":[109,51],"tags":[545],"class_list":["post-72077","post","type-post","status-publish","format-standard","has-post-thumbnail","hentry","category-minuto-a-minuto","category-zona-roja","tag-santa-catarina-juquila"],"jetpack_featured_media_url":"https:\/\/zonaroja.com.mx\/wp-content\/uploads\/2024\/09\/Asesinados-Juquila.jpeg","jetpack_sharing_enabled":true,"_links":{"self":[{"href":"https:\/\/zonaroja.com.mx\/index.php?rest_route=\/wp\/v2\/posts\/72077","targetHints":{"allow":["GET"]}}],"collection":[{"href":"https:\/\/zonaroja.com.mx\/index.php?rest_route=\/wp\/v2\/posts"}],"about":[{"href":"https:\/\/zonaroja.com.mx\/index.php?rest_route=\/wp\/v2\/types\/post"}],"author":[{"embeddable":true,"href":"https:\/\/zonaroja.com.mx\/index.php?rest_route=\/wp\/v2\/users\/2"}],"replies":[{"embeddable":true,"href":"https:\/\/zonaroja.com.mx\/index.php?rest_route=%2Fwp%2Fv2%2Fcomments&post=72077"}],"version-history":[{"count":1,"href":"https:\/\/zonaroja.com.mx\/index.php?rest_route=\/wp\/v2\/posts\/72077\/revisions"}],"predecessor-version":[{"id":72079,"href":"https:\/\/zonaroja.com.mx\/index.php?rest_route=\/wp\/v2\/posts\/72077\/revisions\/72079"}],"wp:featuredmedia":[{"embeddable":true,"href":"https:\/\/zonaroja.com.mx\/index.php?rest_route=\/wp\/v2\/media\/72078"}],"wp:attachment":[{"href":"https:\/\/zonaroja.com.mx\/index.php?rest_route=%2Fwp%2Fv2%2Fmedia&parent=72077"}],"wp:term":[{"taxonomy":"category","embeddable":true,"href":"https:\/\/zonaroja.com.mx\/index.php?rest_route=%2Fwp%2Fv2%2Fcategories&post=72077"},{"taxonomy":"post_tag","embeddable":true,"href":"https:\/\/zonaroja.com.mx\/index.php?rest_route=%2Fwp%2Fv2%2Ftags&post=72077"}],"curies":[{"name":"wp","href":"https:\/\/api.w.org\/{rel}","templated":true}]}}