{"id":72087,"date":"2024-09-03T20:24:24","date_gmt":"2024-09-04T02:24:24","guid":{"rendered":"https:\/\/zonaroja.com.mx\/?p=72087"},"modified":"2024-09-03T20:24:27","modified_gmt":"2024-09-04T02:24:27","slug":"registra-la-costa-dos-crimenes-este-martes-entre-ellos-el-de-una-mujer","status":"publish","type":"post","link":"https:\/\/zonaroja.com.mx\/?p=72087","title":{"rendered":"Registra la Costa dos cr\u00edmenes este martes, entre ellos el de una mujer"},"content":{"rendered":"\n<p>Raymundo Morales\/Zona Roja.<\/p>\n\n\n\n<p>Oaxaca de Ju\u00e1rez, Oax., a 3 de septiembre de 2024.- En hechos distintos sucedidos en la regi\u00f3n Costa de Oaxaca, dos personas fueron asesinadas a balazos, entre ellas una mujer, dos m\u00e1s resultaron lesionada.<\/p>\n\n\n\n<p>El m\u00e1s reciente crimen se perpetr\u00f3 la tarde de hoy, en que una unidad de motor fue atacada a balazos, cuando transitaba por la carretera federal 200, tomo Santa Mar\u00eda Tonameca-Santa Mar\u00eda Colotepec.<\/p>\n\n\n\n<p>Fue en el paraje \u201cValdeflores Tonameca\u201d en que el veh\u00edculo volc\u00f3 tras lo cual los atacantes emprendieron la huida en otra unidad de motor; una mujer fue localizada sin vida, hasta ahora no identificada, con varios impactos de arma de fuego.<\/p>\n\n\n\n<p>Por la ma\u00f1ana, en el municipio de San Pedro Pochutla un individuo fue atacado a balazos en el exterior de su domicilio, en la calle Francisco Sarabia.<\/p>\n\n\n\n<p>La v\u00edctima a\u00fan no ha sido identificada legalmente y a pesar de que el crimen se cometi\u00f3 en c\u00e9ntricas calles, los polic\u00edas municipales no lograron ninguna detenci\u00f3n.<\/p>\n\n\n\n<p>Corporaciones policiacas arribaron al sitio pero no reportan detenci\u00f3n alguna, mientras que la Vicefiscal\u00eda Regional de la Costa inici\u00f3 las investigaciones respecto a los homicidios.<\/p>\n\n\n\n<p>Por otra parte, alrededor de las 13:30 horas, varios sujetos armados ingresaron a la sucursal bancaria Scotiabank, ubicada en la avenida Universidad, colindancia de Santa Cruz Xoxocotl\u00e1n con Oaxaca de Ju\u00e1rez, para asaltar a los usuarios de los servicios.<\/p>\n\n\n\n<p>De manera violenta, amagaron a las personas en el interior y las despojaron de sus bienes, tras lo cual huyeron de inmediato.<\/p>\n\n\n\n<p>Personal policiaco y de la Fiscal\u00eda General del Estado implement\u00f3 un operativo de b\u00fasqueda y en la agencia de Cinco Se\u00f1ores de la capital detuvo a varias personas, aunque no se ha establecido si est\u00e1n relacionadas con el asalto bancario.<\/p>\n","protected":false},"excerpt":{"rendered":"<p>Raymundo Morales\/Zona Roja. Oaxaca de Ju\u00e1rez, Oax., a 3 de septiembre de 2024.- En hechos&hellip;<\/p>\n","protected":false},"author":2,"featured_media":69311,"comment_status":"closed","ping_status":"open","sticky":false,"template":"","format":"standard","meta":{"_lmt_disableupdate":"","_lmt_disable":"","_jetpack_memberships_contains_paid_content":false,"footnotes":""},"categories":[109,51],"tags":[2754],"class_list":["post-72087","post","type-post","status-publish","format-standard","has-post-thumbnail","hentry","category-minuto-a-minuto","category-zona-roja","tag-asesinado-san-pedro-pochutla"],"jetpack_featured_media_url":"https:\/\/zonaroja.com.mx\/wp-content\/uploads\/2024\/06\/Escena-asesinato-crimen-violencia.jpeg","jetpack_sharing_enabled":true,"_links":{"self":[{"href":"https:\/\/zonaroja.com.mx\/index.php?rest_route=\/wp\/v2\/posts\/72087","targetHints":{"allow":["GET"]}}],"collection":[{"href":"https:\/\/zonaroja.com.mx\/index.php?rest_route=\/wp\/v2\/posts"}],"about":[{"href":"https:\/\/zonaroja.com.mx\/index.php?rest_route=\/wp\/v2\/types\/post"}],"author":[{"embeddable":true,"href":"https:\/\/zonaroja.com.mx\/index.php?rest_route=\/wp\/v2\/users\/2"}],"replies":[{"embeddable":true,"href":"https:\/\/zonaroja.com.mx\/index.php?rest_route=%2Fwp%2Fv2%2Fcomments&post=72087"}],"version-history":[{"count":1,"href":"https:\/\/zonaroja.com.mx\/index.php?rest_route=\/wp\/v2\/posts\/72087\/revisions"}],"predecessor-version":[{"id":72088,"href":"https:\/\/zonaroja.com.mx\/index.php?rest_route=\/wp\/v2\/posts\/72087\/revisions\/72088"}],"wp:featuredmedia":[{"embeddable":true,"href":"https:\/\/zonaroja.com.mx\/index.php?rest_route=\/wp\/v2\/media\/69311"}],"wp:attachment":[{"href":"https:\/\/zonaroja.com.mx\/index.php?rest_route=%2Fwp%2Fv2%2Fmedia&parent=72087"}],"wp:term":[{"taxonomy":"category","embeddable":true,"href":"https:\/\/zonaroja.com.mx\/index.php?rest_route=%2Fwp%2Fv2%2Fcategories&post=72087"},{"taxonomy":"post_tag","embeddable":true,"href":"https:\/\/zonaroja.com.mx\/index.php?rest_route=%2Fwp%2Fv2%2Ftags&post=72087"}],"curies":[{"name":"wp","href":"https:\/\/api.w.org\/{rel}","templated":true}]}}