{"id":7209,"date":"2020-01-02T10:09:13","date_gmt":"2020-01-02T16:09:13","guid":{"rendered":"http:\/\/www.zonaroja.com.mx\/?p=7209"},"modified":"2020-01-02T10:09:17","modified_gmt":"2020-01-02T16:09:17","slug":"mas-de-220-bloqueos-desquiciaron-el-istmo-de-oaxaca-en-2019","status":"publish","type":"post","link":"https:\/\/zonaroja.com.mx\/?p=7209","title":{"rendered":"M\u00e1s de 220 bloqueos desquiciaron el Istmo de Oaxaca en 2019"},"content":{"rendered":"\n<p>Yuri Sosa\/Zona Roja.<\/p>\n\n\n\n<p>Oaxaca de Ju\u00e1rez, Oax., 2 de enero de\n2020- Diversas organizaciones sociales de la regi\u00f3n del Istmo de Tehuantepec\nprotagonizaron cerca de 220 bloqueos carreteros en esa zona de la entidad en el\ntranscurso del 2019, situaci\u00f3n que ocasion\u00f3 p\u00e9rdidas millonarias para distintos\nsectores econ\u00f3micos.<\/p>\n\n\n\n<p>En dicha zona es donde se registra de\nmanera m\u00e1s frecuente la mayor concentraci\u00f3n de cierres viales, los cuales se\nhan prolongado hasta por una semana.<\/p>\n\n\n\n<p>La manifestaci\u00f3n m\u00e1s reciente se\nregistr\u00f3 durante la tercera semana de diciembre por parte de la organizaci\u00f3n\nUni\u00f3n General Obrera Campesina y Popular (UGOCP), que exig\u00eda a los gobiernos\nestatal y federal atenci\u00f3n del programas de piso firme, reconstrucci\u00f3n y\nsegundo censo en las comunidades del Istmo y la Costa.<\/p>\n\n\n\n<p>Los manifestantes bloquearon la\ncarretera que conduce a Santo Domingo Tehuantepec y Salina Cruz\u2013Bah\u00edas de\nHuatulco.<\/p>\n\n\n\n<p>Pero, tambi\u00e9n obstruyeron las\nvialidades para exigir derechos laborales, como ocurri\u00f3 en octubre para\ndemandar a una empresa privada el pago de una indemnizaci\u00f3n.<\/p>\n\n\n\n<p>De acuerdo con organismos civiles y\noficiales encargados del monitoreo de bloqueos y manifestaciones en el Istmo,\nocurrieron un total de 222 eventos de ese tipo.<\/p>\n\n\n\n<p>En el mes de enero registr\u00f3 14\nbloqueos; febrero, 11; marzo, 31 y abril 18 bloqueos.<\/p>\n\n\n\n<p>En mayo ocurrieron 8 bloqueos; junio,\n24; julio, 7 obstrucci\u00f3n viales; agosto, 12. En septiembre, 35 bloqueos,\nmientras que en octubre se registraron 34 manifestaciones iguales.<\/p>\n\n\n\n<p>Antes de finalizar el a\u00f1o, los bloqueos\ncontinuaron, y en noviembre se instalaron 19, mientras que en diciembre, nueve,\nadem\u00e1s de tres bloqueos ferroviarios.<\/p>\n","protected":false},"excerpt":{"rendered":"<p>Yuri Sosa\/Zona Roja. Oaxaca de Ju\u00e1rez, Oax., 2 de enero de 2020- Diversas organizaciones sociales&hellip;<\/p>\n","protected":false},"author":2,"featured_media":7210,"comment_status":"closed","ping_status":"open","sticky":false,"template":"","format":"standard","meta":{"_lmt_disableupdate":"","_lmt_disable":"","_jetpack_memberships_contains_paid_content":false,"footnotes":""},"categories":[109,47],"tags":[1219],"class_list":["post-7209","post","type-post","status-publish","format-standard","has-post-thumbnail","hentry","category-minuto-a-minuto","category-zona-gris","tag-bloqueos-istmo-de-tehuantepec"],"jetpack_featured_media_url":"https:\/\/zonaroja.com.mx\/wp-content\/uploads\/2020\/01\/bloqueos-Istmo.png","jetpack_sharing_enabled":true,"_links":{"self":[{"href":"https:\/\/zonaroja.com.mx\/index.php?rest_route=\/wp\/v2\/posts\/7209","targetHints":{"allow":["GET"]}}],"collection":[{"href":"https:\/\/zonaroja.com.mx\/index.php?rest_route=\/wp\/v2\/posts"}],"about":[{"href":"https:\/\/zonaroja.com.mx\/index.php?rest_route=\/wp\/v2\/types\/post"}],"author":[{"embeddable":true,"href":"https:\/\/zonaroja.com.mx\/index.php?rest_route=\/wp\/v2\/users\/2"}],"replies":[{"embeddable":true,"href":"https:\/\/zonaroja.com.mx\/index.php?rest_route=%2Fwp%2Fv2%2Fcomments&post=7209"}],"version-history":[{"count":1,"href":"https:\/\/zonaroja.com.mx\/index.php?rest_route=\/wp\/v2\/posts\/7209\/revisions"}],"predecessor-version":[{"id":7211,"href":"https:\/\/zonaroja.com.mx\/index.php?rest_route=\/wp\/v2\/posts\/7209\/revisions\/7211"}],"wp:featuredmedia":[{"embeddable":true,"href":"https:\/\/zonaroja.com.mx\/index.php?rest_route=\/wp\/v2\/media\/7210"}],"wp:attachment":[{"href":"https:\/\/zonaroja.com.mx\/index.php?rest_route=%2Fwp%2Fv2%2Fmedia&parent=7209"}],"wp:term":[{"taxonomy":"category","embeddable":true,"href":"https:\/\/zonaroja.com.mx\/index.php?rest_route=%2Fwp%2Fv2%2Fcategories&post=7209"},{"taxonomy":"post_tag","embeddable":true,"href":"https:\/\/zonaroja.com.mx\/index.php?rest_route=%2Fwp%2Fv2%2Ftags&post=7209"}],"curies":[{"name":"wp","href":"https:\/\/api.w.org\/{rel}","templated":true}]}}