{"id":72092,"date":"2024-09-04T07:13:03","date_gmt":"2024-09-04T13:13:03","guid":{"rendered":"https:\/\/zonaroja.com.mx\/?p=72092"},"modified":"2024-09-04T07:13:05","modified_gmt":"2024-09-04T13:13:05","slug":"atacan-a-balazos-a-joven-en-oaxaca-capital-identifican-a-mujer-asesinada","status":"publish","type":"post","link":"https:\/\/zonaroja.com.mx\/?p=72092","title":{"rendered":"Atacan a balazos a joven en Oaxaca capital; identifican a mujer asesinada"},"content":{"rendered":"\n<p>Raymundo Morales\/Zona Roja.<\/p>\n\n\n\n<p>Oaxaca de Ju\u00e1rez, Oax., a 4 de septiembre de 2024.- Un joven de aproximadamente 18 a\u00f1os de edad fue atacado a balazos anoche en el fraccionamiento \u00c1lamos, en la capital de Oaxaca.<\/p>\n\n\n\n<p>La agresi\u00f3n ocurri\u00f3 en la calle Xaquieia y la v\u00edctima identificada como Gustavo G. T., quien al parecer ya hab\u00eda sufrido otro atentado anteriormente.<\/p>\n\n\n\n<p>Param\u00e9dicos de la Cruz Roja Mexicana arribaron al sitio para darle los primeros auxilios y trasladarlo a un hospital, donde lo reportan delicado de salud.<\/p>\n\n\n\n<p>En este caso, tampoco hay alguna persona detenida debido a que no hab\u00eda polic\u00edas en la zona; personal de la Fiscal\u00eda General del Estado inici\u00f3 con las indagatorias respectivas.<\/p>\n\n\n\n<p>EN TONAMECA<\/p>\n\n\n\n<p>Por otra parte, respecto al atentado en contra de los ocupantes de un veh\u00edculo en la carretera federal 200 de la regi\u00f3n Costa del estado, la mujer asesinada fue identificada como Rosa E. V. R., de 50 a\u00f1os de edad.<\/p>\n\n\n\n<p>La abogada y dos acompa\u00f1antes m\u00e1s fueron atacados a balazos por ocupantes de otra unidad de motor, tras lo cual el veh\u00edculo marca Seat, tipo Ibiza, con placas de circulaci\u00f3n TJA-233-A, sali\u00f3 de la cinta asf\u00e1ltica y volc\u00f3, a la altura del kil\u00f3metro 167+900, jurisdicci\u00f3n de Santa Mar\u00eda Tonameca.<\/p>\n\n\n\n<p>Hasta el momento las autoridades policiacas de la regi\u00f3n no reportan detenci\u00f3n alguna respecto a este homicidio.<\/p>\n","protected":false},"excerpt":{"rendered":"<p>Raymundo Morales\/Zona Roja. Oaxaca de Ju\u00e1rez, Oax., a 4 de septiembre de 2024.- Un joven&hellip;<\/p>\n","protected":false},"author":2,"featured_media":72093,"comment_status":"closed","ping_status":"open","sticky":false,"template":"","format":"standard","meta":{"_lmt_disableupdate":"","_lmt_disable":"","_jetpack_memberships_contains_paid_content":false,"footnotes":""},"categories":[109,51],"tags":[645],"class_list":["post-72092","post","type-post","status-publish","format-standard","has-post-thumbnail","hentry","category-minuto-a-minuto","category-zona-roja","tag-santa-maria-tonameca"],"jetpack_featured_media_url":"https:\/\/zonaroja.com.mx\/wp-content\/uploads\/2024\/09\/Baleado-fraccionamiento-Alamos-Oaxaca.jpg","jetpack_sharing_enabled":true,"_links":{"self":[{"href":"https:\/\/zonaroja.com.mx\/index.php?rest_route=\/wp\/v2\/posts\/72092","targetHints":{"allow":["GET"]}}],"collection":[{"href":"https:\/\/zonaroja.com.mx\/index.php?rest_route=\/wp\/v2\/posts"}],"about":[{"href":"https:\/\/zonaroja.com.mx\/index.php?rest_route=\/wp\/v2\/types\/post"}],"author":[{"embeddable":true,"href":"https:\/\/zonaroja.com.mx\/index.php?rest_route=\/wp\/v2\/users\/2"}],"replies":[{"embeddable":true,"href":"https:\/\/zonaroja.com.mx\/index.php?rest_route=%2Fwp%2Fv2%2Fcomments&post=72092"}],"version-history":[{"count":1,"href":"https:\/\/zonaroja.com.mx\/index.php?rest_route=\/wp\/v2\/posts\/72092\/revisions"}],"predecessor-version":[{"id":72094,"href":"https:\/\/zonaroja.com.mx\/index.php?rest_route=\/wp\/v2\/posts\/72092\/revisions\/72094"}],"wp:featuredmedia":[{"embeddable":true,"href":"https:\/\/zonaroja.com.mx\/index.php?rest_route=\/wp\/v2\/media\/72093"}],"wp:attachment":[{"href":"https:\/\/zonaroja.com.mx\/index.php?rest_route=%2Fwp%2Fv2%2Fmedia&parent=72092"}],"wp:term":[{"taxonomy":"category","embeddable":true,"href":"https:\/\/zonaroja.com.mx\/index.php?rest_route=%2Fwp%2Fv2%2Fcategories&post=72092"},{"taxonomy":"post_tag","embeddable":true,"href":"https:\/\/zonaroja.com.mx\/index.php?rest_route=%2Fwp%2Fv2%2Ftags&post=72092"}],"curies":[{"name":"wp","href":"https:\/\/api.w.org\/{rel}","templated":true}]}}