{"id":72098,"date":"2024-09-04T09:17:00","date_gmt":"2024-09-04T15:17:00","guid":{"rendered":"https:\/\/zonaroja.com.mx\/?p=72098"},"modified":"2024-09-04T07:29:01","modified_gmt":"2024-09-04T13:29:01","slug":"tiene-oaxaca-universidad-de-la-seguridad-publica-y-paz-social","status":"publish","type":"post","link":"https:\/\/zonaroja.com.mx\/?p=72098","title":{"rendered":"Tiene Oaxaca Universidad de la Seguridad P\u00fablica y Paz Social"},"content":{"rendered":"\n<p>Redacci\u00f3n\/Zona Roja.<\/p>\n\n\n\n<p>Oaxaca de Ju\u00e1rez, Oax., a 4 de septiembre de 2024. Producto de la conjugaci\u00f3n de esfuerzos entre los Poderes Ejecutivo y Legislativo del Estado de Oaxaca, este martes, con la firma del gobernador Salom\u00f3n Jara Cruz, fue oficializada la creaci\u00f3n de la Universidad de la Seguridad P\u00fablica y Paz Social en la entidad.<\/p>\n\n\n\n<p>La iniciativa presentada en el Congreso del Estado fue aprobada el pasado 28 de agosto, con 26 votos a favor; acto que representa un paso de suma importancia para afianzar la profesionalizaci\u00f3n de los cuerpos policiales.<\/p>\n\n\n\n<p>Luego del arduo trabajo del Secretariado Ejecutivo del Sistema Estatal de Seguridad P\u00fablica (SESESP), la Secretar\u00eda de Seguridad y Protecci\u00f3n Ciudadana (SSPC) y la Secretar\u00eda de Gobierno (Sego), los esfuerzos rindieron fruto y se iniciar\u00e1 la reingenier\u00eda en el Instituto de Profesionalizaci\u00f3n Policial de la SSPC, sede que ocupar\u00e1 el campus.<\/p>\n\n\n\n<p>Esta Universidad ser\u00e1 la responsable del proceso de ense\u00f1anza te\u00f3rico-pr\u00e1ctico, basado en conocimientos t\u00e9cnicos, jur\u00eddicos y sociales para capacitar a las y los aspirantes a ingresar a las instituciones policiales.<\/p>\n\n\n\n<p>MES DEL TESTAMENTO<\/p>\n\n\n\n<p>En otra actividad y como parte de la campa\u00f1a nacional \u201cHereda bienestar para tu familia\u201d, el gobernador Salom\u00f3n Jara Cruz puso en marcha ayer el programa \u201cSeptiembre mes del Testamento\u201d con el que este a\u00f1o se prev\u00e9 otorgar mil 500 documentos para brindar certeza jur\u00eddica a las familias oaxaque\u00f1as.<\/p>\n\n\n\n<p>El titular del Poder Ejecutivo indic\u00f3 que esta iniciativa se realizar\u00e1 en coordinaci\u00f3n con el Colegio de Notarios del Estado de Oaxaca, por lo que durante este mes la expedici\u00f3n de este documento tendr\u00e1 un costo a partir de mil 200 pesos en cualquier Notar\u00eda P\u00fablica de la entidad.&nbsp;<\/p>\n\n\n\n<p>Toda vez que esta iniciativa tiene como objetivo heredar bienestar y prevenir disputas jur\u00eddicas, hizo un llamado a todas las familias oaxaque\u00f1as para que participen en esta campa\u00f1a que tambi\u00e9n se enfoca en proteger a sectores vulnerables, como menores de edad o personas con discapacidad.<\/p>\n\n\n\n<figure class=\"wp-block-image size-full\"><img decoding=\"async\" width=\"800\" height=\"533\" src=\"https:\/\/zonaroja.com.mx\/wp-content\/uploads\/2024\/09\/Programa-Septiembre-mes-del-Testamento-2.jpg\" alt=\"\" class=\"wp-image-72099\" srcset=\"https:\/\/zonaroja.com.mx\/wp-content\/uploads\/2024\/09\/Programa-Septiembre-mes-del-Testamento-2.jpg 800w, https:\/\/zonaroja.com.mx\/wp-content\/uploads\/2024\/09\/Programa-Septiembre-mes-del-Testamento-2-300x200.jpg 300w, https:\/\/zonaroja.com.mx\/wp-content\/uploads\/2024\/09\/Programa-Septiembre-mes-del-Testamento-2-768x512.jpg 768w, https:\/\/zonaroja.com.mx\/wp-content\/uploads\/2024\/09\/Programa-Septiembre-mes-del-Testamento-2-585x390.jpg 585w, https:\/\/zonaroja.com.mx\/wp-content\/uploads\/2024\/09\/Programa-Septiembre-mes-del-Testamento-2-263x175.jpg 263w\" sizes=\"(max-width: 800px) 100vw, 800px\" \/><\/figure>\n\n\n\n<p>Asimismo, agradeci\u00f3 al Colegio de Notarios del Estado de Oaxaca por su gran disposici\u00f3n para impulsar estas nobles acciones en bien de la paz social y la legalidad.<\/p>\n\n\n\n<p>Resalt\u00f3 que tambi\u00e9n se brindar\u00e1n otros beneficios para las personas que deseen heredar sus bienes patrimoniales, como asesor\u00edas gratuitas brindadas por personal especializado y la ampliaci\u00f3n de horarios de atenci\u00f3n.<\/p>\n\n\n\n<p>Por su parte el consejero Jur\u00eddico y Asistente Legal del Gobierno del Estado, Geovany V\u00e1squez Sagrero, agreg\u00f3 que esta acci\u00f3n se realizar\u00e1 a trav\u00e9s de la Direcci\u00f3n de Notar\u00edas, y resalt\u00f3 la importancia de poner al servicio de la poblaci\u00f3n la f\u00e9 p\u00fablica, para brindar certeza, transparencia y legalidad durante el proceso de transmisi\u00f3n patrimonial.<\/p>\n\n\n\n<p>RECONOCIMIENTO<\/p>\n\n\n\n<p>Por otra parte, y a nombre del pueblo de Oaxaca, el gobernador Salom\u00f3n Jara Cruz reconoci\u00f3 a las estudiantes del Bachillerato Integral Comunitario de Teotitl\u00e1n del Valle (BIC 29), Shanni Valeria Mora Fajardo y Rosa Mendoza Sosa, por obtener el Diploma de Excelencia en el certamen internacional en el Premio Juvenil del Agua Estocolmo 2024 (Stockholm Junior Water Prize).<\/p>\n\n\n\n<p>Desde Palacio de Gobierno, el mandatario expres\u00f3 que este reconocimiento internacional, el m\u00e1s prestigioso del mundo en el tema h\u00eddrico, pone en alto el nombre de M\u00e9xico, y representa un orgullo para Oaxaca, toda vez que patenta el talento de la juventud.<\/p>\n\n\n\n<p>\u201cEn Oaxaca hay mucha capacidad y talento\u201d, afirm\u00f3 Jara Cruz al tiempo de expresar que invitar\u00e1 a ambas estudiantes a compartir esta experiencia en las instituciones de nivel medio superior para motivar a m\u00e1s j\u00f3venes, toda vez que en los 28 a\u00f1os de celebrarse este Premio Juvenil del Agua, son las primeras mujeres en recibir esta distinci\u00f3n.<\/p>\n\n\n\n<p>En su oportunidad, las estudiantes que cursan el cuarto m\u00f3dulo del BIC 29, perteneciente al Colegio Superior para la Educaci\u00f3n Integral Intercultural de Oaxaca (CSEIIO), agradecieron el apoyo del Gobierno del Estado, al tiempo de se\u00f1alar que este respaldo debe existir siempre para que m\u00e1s j\u00f3venes como ellas se motiven a desarrollar proyectos sociales encaminados al bienestar de su comunidad y expandan su talento.<\/p>\n\n\n\n<p>El proyecto \u201cFiltro casero como alternativa para la reutilizaci\u00f3n del agua entintada en el cultivo de hortalizas\u201d, desarrollado por las estudiantes y que cont\u00f3 con la asesor\u00eda de su profesora Brenda Jarqu\u00edn Mart\u00ednez, refrenda el compromiso con el cuidado del medio ambiente al reutilizar el agua empleada en la elaboraci\u00f3n de tintes para los tapetes de lana, en el riego de hortalizas.<\/p>\n","protected":false},"excerpt":{"rendered":"<p>Redacci\u00f3n\/Zona Roja. Oaxaca de Ju\u00e1rez, Oax., a 4 de septiembre de 2024. Producto de la&hellip;<\/p>\n","protected":false},"author":2,"featured_media":72100,"comment_status":"closed","ping_status":"open","sticky":false,"template":"","format":"standard","meta":{"_lmt_disableupdate":"","_lmt_disable":"","_jetpack_memberships_contains_paid_content":false,"footnotes":""},"categories":[109,46],"tags":[939],"class_list":["post-72098","post","type-post","status-publish","format-standard","has-post-thumbnail","hentry","category-minuto-a-minuto","category-zona-blanca","tag-salomon-jara-cruz"],"jetpack_featured_media_url":"https:\/\/zonaroja.com.mx\/wp-content\/uploads\/2024\/09\/Salomon-Jara-decreto-universidad-seguridad.jpg","jetpack_sharing_enabled":true,"_links":{"self":[{"href":"https:\/\/zonaroja.com.mx\/index.php?rest_route=\/wp\/v2\/posts\/72098","targetHints":{"allow":["GET"]}}],"collection":[{"href":"https:\/\/zonaroja.com.mx\/index.php?rest_route=\/wp\/v2\/posts"}],"about":[{"href":"https:\/\/zonaroja.com.mx\/index.php?rest_route=\/wp\/v2\/types\/post"}],"author":[{"embeddable":true,"href":"https:\/\/zonaroja.com.mx\/index.php?rest_route=\/wp\/v2\/users\/2"}],"replies":[{"embeddable":true,"href":"https:\/\/zonaroja.com.mx\/index.php?rest_route=%2Fwp%2Fv2%2Fcomments&post=72098"}],"version-history":[{"count":1,"href":"https:\/\/zonaroja.com.mx\/index.php?rest_route=\/wp\/v2\/posts\/72098\/revisions"}],"predecessor-version":[{"id":72101,"href":"https:\/\/zonaroja.com.mx\/index.php?rest_route=\/wp\/v2\/posts\/72098\/revisions\/72101"}],"wp:featuredmedia":[{"embeddable":true,"href":"https:\/\/zonaroja.com.mx\/index.php?rest_route=\/wp\/v2\/media\/72100"}],"wp:attachment":[{"href":"https:\/\/zonaroja.com.mx\/index.php?rest_route=%2Fwp%2Fv2%2Fmedia&parent=72098"}],"wp:term":[{"taxonomy":"category","embeddable":true,"href":"https:\/\/zonaroja.com.mx\/index.php?rest_route=%2Fwp%2Fv2%2Fcategories&post=72098"},{"taxonomy":"post_tag","embeddable":true,"href":"https:\/\/zonaroja.com.mx\/index.php?rest_route=%2Fwp%2Fv2%2Ftags&post=72098"}],"curies":[{"name":"wp","href":"https:\/\/api.w.org\/{rel}","templated":true}]}}