{"id":72105,"date":"2024-09-04T14:44:00","date_gmt":"2024-09-04T20:44:00","guid":{"rendered":"https:\/\/zonaroja.com.mx\/?p=72105"},"modified":"2024-09-04T07:45:11","modified_gmt":"2024-09-04T13:45:11","slug":"ayotzinapa-desaparecidos-los-otros-pendientes-de-lopez-obrador","status":"publish","type":"post","link":"https:\/\/zonaroja.com.mx\/?p=72105","title":{"rendered":"Ayotzinapa, desaparecidos\u2026 los otros pendientes de L\u00f3pez Obrador"},"content":{"rendered":"\n<p>Redacci\u00f3n\/Zona Roja Cdmx.<\/p>\n\n\n\n<p>Ciudad de M\u00e9xico, a 4 de septiembre de 2024.- A finales de septiembre se cumplir\u00e1n 10 a\u00f1os desde la desaparici\u00f3n de los 43 estudiantes de la Normal Rural Isidro Burgos, en Ayotzinapa, caso que sigue abierto pues el Gobierno federal no ha logrado dar con el paradero de los j\u00f3venes.<\/p>\n\n\n\n<p>Si bien la demanda de las familias y de la poblaci\u00f3n en general para que haya una resoluci\u00f3n en el caso Ayotzinapa sigue vigente, este no es el \u00fanico caso que el Gobierno de Andr\u00e9s Manuel L\u00f3pez Obrador dejar\u00e1 pendiente.<\/p>\n\n\n\n<p>As\u00ed lo apunt\u00f3 el Centro de Derechos Humanos Miguel Agust\u00edn Pro Ju\u00e1rez (Centro Prodh), luego de que L\u00f3pez Obrador presentara su sexto y \u00faltimo informe de Gobierno el domingo 1 de septiembre en el Z\u00f3calo de la Ciudad de M\u00e9xico.<\/p>\n\n\n\n<p>\u201c\u00a1La reversi\u00f3n de toda la crisis de desapariciones est\u00e1 pendiente! Las desapariciones siguen ocurriendo. La impunidad no fue revertida. Iniciativas como el Centro Nacional de Identificaci\u00f3n Humana fueron abandonadas\u201d, se\u00f1al\u00f3 este centro.<\/p>\n\n\n\n<p>Adem\u00e1s, el Centro Prodh consider\u00f3 que durante este sexenio, el primer de izquierda en M\u00e9xico, concluye esta etapa con la manipulaci\u00f3n de cifras de desaparici\u00f3n forzada en el pa\u00eds.<\/p>\n\n\n\n<p>Desde el a\u00f1o pasado, madres buscadoras y familias de personas desaparecidas criticaron un nuevo censo de b\u00fasqueda implementado por el Gobierno de AMLO, con el cual se buscaba reducir la cifra de personas desaparecidas haciendo b\u00fasquedas casa por casa. Las familias consideraron que era un censo revictimizante pues siervos de la naci\u00f3n acud\u00edan a los hogares preguntar si el desaparecido en cuesti\u00f3n ya hab\u00eda vuelto a casa.<\/p>\n\n\n\n<p>En diciembre de 2023, el Gobierno present\u00f3 las nuevas cifras. Con la estrategia de b\u00fasqueda, se anunci\u00f3 que fueron localizadas 16 mil 681 personas. No obstante, se anunci\u00f3 que dicha cifra no ser\u00eda borrada del registro nacional de personas no localizadas.<\/p>\n\n\n\n<p>El Centro Prodh tambi\u00e9n hizo referencia a que el sexenio terminar\u00e1 sin que se haya implementado una Pol\u00edtica Nacional para Prevenir y Erradicar las desapariciones, como hab\u00eda recomendado la ONU, en un informe de la oficina de Derechos Humanos de Naciones Unidas publicado en 2022, donde se se\u00f1al\u00f3 que tanto servidores p\u00fablicos como el crimen organizado son responsables del creciente n\u00famero de desapariciones forzadas en el pa\u00eds. Adem\u00e1s, se destac\u00f3 la crisis forense por las m\u00e1s de 50 mil personas fallecidas no identificadas que se encontraban en instalaciones de almacenamiento de los servicios forenses.<\/p>\n\n\n\n<p>Apenas el 27 de agosto pasado, padres y madres de los 43 estudiantes de Ayotzinapa rompieron el di\u00e1logo con el presidente L\u00f3pez Obrador, luego de una reuni\u00f3n ese d\u00eda. Afirmaron que era la \u00faltima vez que se reunir\u00edan antes de que termine el mandato del morenista.<\/p>\n\n\n\n<p>El vocero de las familias, Vidulfo Rosales, as\u00ed como los mismos padres y madres, han explicado que el presidente no ha dado respuestas a las principales peticiones, con respecto a que piden que el Gobierno entregue los expedientes del Ej\u00e9rcito sobre el caso.<\/p>\n\n\n\n<p>El 26 de septiembre de 2014, 43 estudiantes de la Escuela Rural de Ayotzinapa fueron desaparecidos mientras se dirig\u00edan a Ciudad de M\u00e9xico para manifestarse por el aniversario de la matanza de Tlatelolco, ocurrida el 2 de octubre de 1968.<\/p>\n\n\n\n<p>Cuando lleg\u00f3 al Gobierno, AMLO cre\u00f3 una Comisi\u00f3n de la Verdad, la cual declar\u00f3 en 2022 que la desaparici\u00f3n de los estudiantes fue un Crimen de Estado en el que estuvieron involucradas autoridades de todos los niveles, incluido el Ej\u00e9rcito mexicano.<\/p>\n\n\n\n<p>Sin embargo, L\u00f3pez Obrador ha defendido al Ej\u00e9rcito y ha acusado que los grupos de derechos humanos \u201cquieren desestabilizar al Ej\u00e9rcito\u201d y que hay \u201cuna campa\u00f1a de desprestigio\u201d contra las Fuerzas Armadas.<\/p>\n\n\n\n<p>La presidenta electa, Claudia Sheinbaum, quien pertenece al mismo partido que el mandatario L\u00f3pez Obrador, ha dicho que dar\u00e1 continuidad a las investigaciones del caso Ayotzinapa.<\/p>\n\n\n\n<p>Tras un encuentro con las familias en julio pasado, Sheinbaum dijo que deber\u00e1 encontrar un nuevo m\u00e9todo de trabajo que permita dar con los j\u00f3venes.<\/p>\n\n\n\n<p>Clemente Rodr\u00edguez, padre de Christian, uno de los j\u00f3venes desaparecidos, coment\u00f3 recientemente que en cada reuni\u00f3n con el Gobierno de AMLO, les leen cronogramas de b\u00fasquedas que ya hab\u00edan sido descartadas anteriormente por el Grupo Interdisciplinario de Expertos Independientes (GIEI).<\/p>\n\n\n\n<p>Tambi\u00e9n apunt\u00f3 que se encontraban decepcionados porque el presidente no ha querido seguir la l\u00ednea de investigaci\u00f3n que le han pedido, relacionada con las acciones del Ej\u00e9rcito en el d\u00eda en que los j\u00f3venes fueron desaparecidos.<\/p>\n\n\n\n<p>\u201cEste presidente ha sido un fracaso para nosotros (&#8230;) \u00c9l no quiere tocar al Ej\u00e9rcito\u201d, reproch\u00f3 Clemente Rodr\u00edguez.<\/p>\n\n\n\n<p>Y las familias de personas desaparecidas a lo largo del pa\u00eds tienen la misma sensaci\u00f3n de decepci\u00f3n sobre el presidente L\u00f3pez Obrador. Adem\u00e1s, han se\u00f1alado que tienen poca fe en la presidenta electa Claudia Sheinbaum, quien ha seguido la misma l\u00ednea discursiva de AMLO.<\/p>\n\n\n\n<p>(Con informaci\u00f3n de \u201cQuadrat\u00edn\u201d y EFE, en \u201cEl Financiero\u201d)<\/p>\n","protected":false},"excerpt":{"rendered":"<p>Redacci\u00f3n\/Zona Roja Cdmx. Ciudad de M\u00e9xico, a 4 de septiembre de 2024.- A finales de&hellip;<\/p>\n","protected":false},"author":2,"featured_media":66336,"comment_status":"closed","ping_status":"open","sticky":false,"template":"","format":"standard","meta":{"_lmt_disableupdate":"","_lmt_disable":"","_jetpack_memberships_contains_paid_content":false,"footnotes":""},"categories":[109,47],"tags":[1816],"class_list":["post-72105","post","type-post","status-publish","format-standard","has-post-thumbnail","hentry","category-minuto-a-minuto","category-zona-gris","tag-43-desaparecidos-ayotzinapa"],"jetpack_featured_media_url":"https:\/\/zonaroja.com.mx\/wp-content\/uploads\/2024\/03\/Marcha-Ayotzinapa-Kothan-Yanqui.jpg","jetpack_sharing_enabled":true,"_links":{"self":[{"href":"https:\/\/zonaroja.com.mx\/index.php?rest_route=\/wp\/v2\/posts\/72105","targetHints":{"allow":["GET"]}}],"collection":[{"href":"https:\/\/zonaroja.com.mx\/index.php?rest_route=\/wp\/v2\/posts"}],"about":[{"href":"https:\/\/zonaroja.com.mx\/index.php?rest_route=\/wp\/v2\/types\/post"}],"author":[{"embeddable":true,"href":"https:\/\/zonaroja.com.mx\/index.php?rest_route=\/wp\/v2\/users\/2"}],"replies":[{"embeddable":true,"href":"https:\/\/zonaroja.com.mx\/index.php?rest_route=%2Fwp%2Fv2%2Fcomments&post=72105"}],"version-history":[{"count":1,"href":"https:\/\/zonaroja.com.mx\/index.php?rest_route=\/wp\/v2\/posts\/72105\/revisions"}],"predecessor-version":[{"id":72106,"href":"https:\/\/zonaroja.com.mx\/index.php?rest_route=\/wp\/v2\/posts\/72105\/revisions\/72106"}],"wp:featuredmedia":[{"embeddable":true,"href":"https:\/\/zonaroja.com.mx\/index.php?rest_route=\/wp\/v2\/media\/66336"}],"wp:attachment":[{"href":"https:\/\/zonaroja.com.mx\/index.php?rest_route=%2Fwp%2Fv2%2Fmedia&parent=72105"}],"wp:term":[{"taxonomy":"category","embeddable":true,"href":"https:\/\/zonaroja.com.mx\/index.php?rest_route=%2Fwp%2Fv2%2Fcategories&post=72105"},{"taxonomy":"post_tag","embeddable":true,"href":"https:\/\/zonaroja.com.mx\/index.php?rest_route=%2Fwp%2Fv2%2Ftags&post=72105"}],"curies":[{"name":"wp","href":"https:\/\/api.w.org\/{rel}","templated":true}]}}