{"id":72112,"date":"2024-09-04T12:58:00","date_gmt":"2024-09-04T18:58:00","guid":{"rendered":"https:\/\/zonaroja.com.mx\/?p=72112"},"modified":"2024-09-04T08:03:20","modified_gmt":"2024-09-04T14:03:20","slug":"opinion-pobres-eternamente-pobres","status":"publish","type":"post","link":"https:\/\/zonaroja.com.mx\/?p=72112","title":{"rendered":"Opini\u00f3n. Pobres, eternamente pobres"},"content":{"rendered":"\n<p>Isidoro Yescas*<\/p>\n\n\n\n<p>En un arranque de sinceridad pol\u00edtica&nbsp;(\u00bfo&nbsp;fue un&nbsp;lapsus linguae?)&nbsp;el gobernador Salom\u00f3n Jara&nbsp;declar\u00f3 la semana pasada que la pobreza en Oaxaca no se acabar\u00e1 en su sexenio ni en el siguiente, sino tal vez en 50 a\u00f1os.&nbsp;<\/p>\n\n\n\n<p>De acuerdo a la nota de Luis Ignacio&nbsp;Vel\u00e1squez,&nbsp;publicada&nbsp;en \u201cNoticias\u201d, Jara Cruz declar\u00f3: \u201c Acabar en un sexenio con la pobreza es imposible, en dos sexenios tampoco; Oaxaca,&nbsp;m\u00ednimo,&nbsp;tendr\u00e1 que pasar por lo menos 50 a\u00f1os para que pueda abandonar la pobreza.\u201d&nbsp;(\u201cNoticias\u201d, 29-agosto-2024).<\/p>\n\n\n\n<p>Si tomamos como referencia que ya desde la d\u00e9cada de los ochenta, si no es que mucho antes, &nbsp;el tema del combate a la pobreza ha sido el eje central de la narrativa&nbsp;y planes de desarrollo de los gobiernos locales,&nbsp;habr\u00eda que sacar cuentas y hacer un peque\u00f1o ejercicio matem\u00e1tico para sumar a los 50 a\u00f1os que quedan por delante, otros 40 o 50 m\u00e1s y entonces concluir que con o sin planes de desarrollo, con el PRI o con Morena, con presupuestos hist\u00f3ricos&nbsp;o ahist\u00f3ricos, con y sin el apoyo de la federaci\u00f3n,&nbsp;el destino de los oaxaque\u00f1os y oaxaque\u00f1as es seguir en pobreza y pobreza extrema por los siglos de los siglos.&nbsp;<\/p>\n\n\n\n<p>Sin embargo, esta pobreza cr\u00f3nica o end\u00e9mica, seg\u00fan&nbsp;lo&nbsp;prefieran,&nbsp;no es propio de Oaxaca, pues &nbsp;en los vecinos estados de Chiapas y Guerrero prevalece el mismo problema.&nbsp;Los tres estados,&nbsp;casualmente, &nbsp;concentran&nbsp;&nbsp;una alta poblaci\u00f3n ind\u00edgena y registran los \u00edndices m\u00e1s altos de carencias sociales y empleos formales.&nbsp;<\/p>\n\n\n\n<p>\u00bfCu\u00e1ntos&nbsp;gobiernos,&nbsp;federales y estatales, han&nbsp;ensayado&nbsp;todo tipo de pol\u00edticas p\u00fablicas para&nbsp;combatir la&nbsp;pobreza y al final de cada sexenio todo sigue igual o peor?&nbsp;<\/p>\n\n\n\n<p>El&nbsp;expri\u00edsta&nbsp;de toda la vida y&nbsp;hoy flamante senador de&nbsp;Morena, &nbsp;Alejandro&nbsp;Murat, presumi\u00f3 al final de su sexenio, con datos del Coneval,&nbsp;que entre el 2016 y el 2020, 90 mil 684 oaxaque\u00f1os y oaxaque\u00f1as&nbsp;hab\u00edan&nbsp;dejado&nbsp;de ser pobres y otros 88 mil 880&nbsp;quedaban fuera de la l\u00ednea de&nbsp;&nbsp;la pobreza extrema.&nbsp;<\/p>\n\n\n\n<p>Y a pesar de que esta tendencia a la baja se mantuvo hasta el 2022&nbsp;( fecha&nbsp;de la \u00faltima medici\u00f3n de &nbsp;pobreza &nbsp;del Coneval), la cifra de 90 mil,&nbsp;684,&nbsp;o ya actualizada al 2022, de poco m\u00e1s de 177 mil,&nbsp;&nbsp;resulta insignificante ante los 2 millones 483 &nbsp;mil oaxaque\u00f1os y oaxaque\u00f1as en situaci\u00f3n de pobreza.<\/p>\n\n\n\n<p>Al igual que su antecesor y hoy compa\u00f1ero de partido, el gobierno de Salom\u00f3n Jara le apuesta a focalizar la atenci\u00f3n&nbsp;en &nbsp;los municipios con mayores rezagos econ\u00f3micos y sociales ( 100 de 570) para reducir la pobreza, descuidando otros factores igual o m\u00e1s importantes como abatir el rezago educativo, combatir la desnutrici\u00f3n, generar empleos formales&nbsp;e incrementar y mejorar los servicios de salud.&nbsp;<\/p>\n\n\n\n<p>A punto de cumplir dos a\u00f1os&nbsp;en el cargo y encargo,&nbsp;el jefe del Poder Ejecutivo&nbsp;estatal&nbsp;ha reconocido que ni un sexenio ni dos ser\u00e1n suficientes para reducir en forma significativa la pobreza en uno de los tres estados &nbsp;mas pobres y desiguales de la rep\u00fablica mexicana.&nbsp;<\/p>\n\n\n\n<p>Y colocados en ese escenario tan fatalista, tal vez convenga&nbsp;reflexionar en voz alta si el gobierno en turno&nbsp;(y&nbsp;los que le sucedan&nbsp;hasta el a\u00f1o 2074) solamente deber\u00edan seguir &nbsp;administrando los presupuestos \u201chist\u00f3ricos\u201d &nbsp;que cada a\u00f1o el gobierno federal destino a Oaxaca para su desarrollo social o, por el contrario, habr\u00eda&nbsp;que&nbsp;pensar seriamente e otras&nbsp;salidas&nbsp;institucionales a las ya ensayadas para ir dejando atr\u00e1s esa pobreza end\u00e9mica.&nbsp;<\/p>\n\n\n\n<p>*Maestro en Sociolog\u00eda.<\/p>\n\n\n\n<p>X: @YescasIsidoro<\/p>\n","protected":false},"excerpt":{"rendered":"<p>Isidoro Yescas* En un arranque de sinceridad pol\u00edtica&nbsp;(\u00bfo&nbsp;fue un&nbsp;lapsus linguae?)&nbsp;el gobernador Salom\u00f3n Jara&nbsp;declar\u00f3 la semana&hellip;<\/p>\n","protected":false},"author":2,"featured_media":71623,"comment_status":"closed","ping_status":"open","sticky":false,"template":"","format":"standard","meta":{"_lmt_disableupdate":"","_lmt_disable":"","_jetpack_memberships_contains_paid_content":false,"footnotes":""},"categories":[456,109],"tags":[3998],"class_list":["post-72112","post","type-post","status-publish","format-standard","has-post-thumbnail","hentry","category-columna","category-minuto-a-minuto","tag-isidoro-yescas-martinez"],"jetpack_featured_media_url":"https:\/\/zonaroja.com.mx\/wp-content\/uploads\/2024\/08\/Opinion.-Isidoro-Yescas.jpg","jetpack_sharing_enabled":true,"_links":{"self":[{"href":"https:\/\/zonaroja.com.mx\/index.php?rest_route=\/wp\/v2\/posts\/72112","targetHints":{"allow":["GET"]}}],"collection":[{"href":"https:\/\/zonaroja.com.mx\/index.php?rest_route=\/wp\/v2\/posts"}],"about":[{"href":"https:\/\/zonaroja.com.mx\/index.php?rest_route=\/wp\/v2\/types\/post"}],"author":[{"embeddable":true,"href":"https:\/\/zonaroja.com.mx\/index.php?rest_route=\/wp\/v2\/users\/2"}],"replies":[{"embeddable":true,"href":"https:\/\/zonaroja.com.mx\/index.php?rest_route=%2Fwp%2Fv2%2Fcomments&post=72112"}],"version-history":[{"count":1,"href":"https:\/\/zonaroja.com.mx\/index.php?rest_route=\/wp\/v2\/posts\/72112\/revisions"}],"predecessor-version":[{"id":72113,"href":"https:\/\/zonaroja.com.mx\/index.php?rest_route=\/wp\/v2\/posts\/72112\/revisions\/72113"}],"wp:featuredmedia":[{"embeddable":true,"href":"https:\/\/zonaroja.com.mx\/index.php?rest_route=\/wp\/v2\/media\/71623"}],"wp:attachment":[{"href":"https:\/\/zonaroja.com.mx\/index.php?rest_route=%2Fwp%2Fv2%2Fmedia&parent=72112"}],"wp:term":[{"taxonomy":"category","embeddable":true,"href":"https:\/\/zonaroja.com.mx\/index.php?rest_route=%2Fwp%2Fv2%2Fcategories&post=72112"},{"taxonomy":"post_tag","embeddable":true,"href":"https:\/\/zonaroja.com.mx\/index.php?rest_route=%2Fwp%2Fv2%2Ftags&post=72112"}],"curies":[{"name":"wp","href":"https:\/\/api.w.org\/{rel}","templated":true}]}}