{"id":72117,"date":"2024-09-04T08:29:36","date_gmt":"2024-09-04T14:29:36","guid":{"rendered":"https:\/\/zonaroja.com.mx\/?p=72117"},"modified":"2024-09-04T08:29:38","modified_gmt":"2024-09-04T14:29:38","slug":"cae-rayo-a-pescadores-en-juchitan-y-mata-a-una-persona","status":"publish","type":"post","link":"https:\/\/zonaroja.com.mx\/?p=72117","title":{"rendered":"Cae rayo a pescadores en Juchit\u00e1n y mata a una persona"},"content":{"rendered":"\n<p>Raymundo Morales\/Zona Roja.<\/p>\n\n\n\n<p>Oaxaca de Ju\u00e1rez, Oax., a 4 de septiembre de 2024.- Un pescador fallecido y dos m\u00e1s lesionados dej\u00f3 anoche la ca\u00edda de un rayo que cay\u00f3 en el litoral de Playa Vicente, agencia del municipio de Juchit\u00e1n de Zaragoza.<\/p>\n\n\n\n<p>De acuerdo con informes preliminares, los tres hombres se encontraban realizando labores de pesca, cuando fueron alcanzados por el fen\u00f3meno natural, en el marco de una tormenta.<\/p>\n\n\n\n<p>Uno de ellos, Octavio T. C., de 50 a\u00f1os de edad, perdi\u00f3 la vida, mientras que dos m\u00e1s, K. Francisco y Nicandro, fueron trasladados alnhospital \u201cDr. Macedonio Ben\u00edtez Fuentes\u201d de Juchit\u00e1n de Zaragoza.<\/p>\n\n\n\n<p>Ambos se encuentran delicados de salud, con quemaduras considerables, y contin\u00faan encamados.<\/p>\n\n\n\n<p>Los familiares piden el apoyo de las autoridades y de la sociedad en general para apoyar a los deudos como a quienes lesionados, debido a que son personas de escasos recursos econ\u00f3micos.<\/p>\n","protected":false},"excerpt":{"rendered":"<p>Raymundo Morales\/Zona Roja. Oaxaca de Ju\u00e1rez, Oax., a 4 de septiembre de 2024.- Un pescador&hellip;<\/p>\n","protected":false},"author":2,"featured_media":72118,"comment_status":"closed","ping_status":"open","sticky":false,"template":"","format":"standard","meta":{"_lmt_disableupdate":"","_lmt_disable":"","_jetpack_memberships_contains_paid_content":false,"footnotes":""},"categories":[109,47],"tags":[123],"class_list":["post-72117","post","type-post","status-publish","format-standard","has-post-thumbnail","hentry","category-minuto-a-minuto","category-zona-gris","tag-juchitan-de-zaragoza"],"jetpack_featured_media_url":"https:\/\/zonaroja.com.mx\/wp-content\/uploads\/2024\/09\/Rayo-en-altamar.jpeg","jetpack_sharing_enabled":true,"_links":{"self":[{"href":"https:\/\/zonaroja.com.mx\/index.php?rest_route=\/wp\/v2\/posts\/72117","targetHints":{"allow":["GET"]}}],"collection":[{"href":"https:\/\/zonaroja.com.mx\/index.php?rest_route=\/wp\/v2\/posts"}],"about":[{"href":"https:\/\/zonaroja.com.mx\/index.php?rest_route=\/wp\/v2\/types\/post"}],"author":[{"embeddable":true,"href":"https:\/\/zonaroja.com.mx\/index.php?rest_route=\/wp\/v2\/users\/2"}],"replies":[{"embeddable":true,"href":"https:\/\/zonaroja.com.mx\/index.php?rest_route=%2Fwp%2Fv2%2Fcomments&post=72117"}],"version-history":[{"count":1,"href":"https:\/\/zonaroja.com.mx\/index.php?rest_route=\/wp\/v2\/posts\/72117\/revisions"}],"predecessor-version":[{"id":72119,"href":"https:\/\/zonaroja.com.mx\/index.php?rest_route=\/wp\/v2\/posts\/72117\/revisions\/72119"}],"wp:featuredmedia":[{"embeddable":true,"href":"https:\/\/zonaroja.com.mx\/index.php?rest_route=\/wp\/v2\/media\/72118"}],"wp:attachment":[{"href":"https:\/\/zonaroja.com.mx\/index.php?rest_route=%2Fwp%2Fv2%2Fmedia&parent=72117"}],"wp:term":[{"taxonomy":"category","embeddable":true,"href":"https:\/\/zonaroja.com.mx\/index.php?rest_route=%2Fwp%2Fv2%2Fcategories&post=72117"},{"taxonomy":"post_tag","embeddable":true,"href":"https:\/\/zonaroja.com.mx\/index.php?rest_route=%2Fwp%2Fv2%2Ftags&post=72117"}],"curies":[{"name":"wp","href":"https:\/\/api.w.org\/{rel}","templated":true}]}}