{"id":7212,"date":"2020-01-02T10:43:04","date_gmt":"2020-01-02T16:43:04","guid":{"rendered":"http:\/\/www.zonaroja.com.mx\/?p=7212"},"modified":"2020-01-02T10:43:08","modified_gmt":"2020-01-02T16:43:08","slug":"un-ano-sin-avances-en-investigaciones-de-asesinato-de-edil-y-sindico-de-tlaxiaco","status":"publish","type":"post","link":"https:\/\/zonaroja.com.mx\/?p=7212","title":{"rendered":"Un a\u00f1o sin avances en investigaciones de asesinato de edil y s\u00edndico de Tlaxiaco"},"content":{"rendered":"\n<p>Redacci\u00f3n\/Zona Roja.<\/p>\n\n\n\n<p>Oaxaca de Ju\u00e1rez, Oax., 2 de enero de\n2020.- A un a\u00f1o del ataque armado que acab\u00f3 con la vida del edil de la Heroica\nCiudad de Tlaxiaco, Alejandro Aparicio Santiago, y del s\u00edndico procurador,\nPerfecto Hern\u00e1ndez Guti\u00e9rrez, no hay avances en las investigaciones que\nencabeza la Fiscal\u00eda General del Estado de Oaxaca que permitan dar con los\nintelectuales del crimen.<\/p>\n\n\n\n<p>Este mi\u00e9rcoles, autoridades del ayuntamiento\nencabezadas Gaudencio Ortiz, llevaron a cabo un sentido homenaje en donde se\nrecord\u00f3 al exedil asesinado, as\u00ed como acudieron al Barrio de San Diego para\nreplicar la acci\u00f3n en honor al exs\u00edndico procurador.&nbsp; <\/p>\n\n\n\n<p>La muerte de los pol\u00edticos se registr\u00f3 el 1 de enero del 2019 cuando fueron abatidos a balazos a unas horas de tomar protesta como autoridad municipal y mientras recorr\u00edan las calles del municipio como primera acci\u00f3n de su mandato.<\/p>\n\n\n\n<figure class=\"wp-block-image\"><img decoding=\"async\" width=\"960\" height=\"887\" src=\"http:\/\/www.zonaroja.com.mx\/wp-content\/uploads\/2020\/01\/Un-a\u00f1o-Alejandro-Aparicio-2.jpg\" alt=\"\" class=\"wp-image-7214\" srcset=\"https:\/\/zonaroja.com.mx\/wp-content\/uploads\/2020\/01\/Un-a\u00f1o-Alejandro-Aparicio-2.jpg 960w, https:\/\/zonaroja.com.mx\/wp-content\/uploads\/2020\/01\/Un-a\u00f1o-Alejandro-Aparicio-2-300x277.jpg 300w, https:\/\/zonaroja.com.mx\/wp-content\/uploads\/2020\/01\/Un-a\u00f1o-Alejandro-Aparicio-2-768x710.jpg 768w, https:\/\/zonaroja.com.mx\/wp-content\/uploads\/2020\/01\/Un-a\u00f1o-Alejandro-Aparicio-2-585x541.jpg 585w\" sizes=\"(max-width: 960px) 100vw, 960px\" \/><\/figure>\n\n\n\n<p>Minutos despu\u00e9s de la agresi\u00f3n fue\narrestado un individuo, identificado como J. M. V., de 34 a\u00f1os, originario de\nChiapas y expolic\u00eda local de una ciudad del norte del pa\u00eds, debido a la\nintervenci\u00f3n de los pobladores de la localidad.<\/p>\n\n\n\n<p>Cuatro d\u00edas despu\u00e9s, el fiscal General\nde Estado, Rub\u00e9n Vasconcelos M\u00e9ndez, declar\u00f3 en conferencia de prensa que se\ntrat\u00f3 de un asesino solitario que fue vinculado a proceso por los delitos de\nhomicidio calificado y lesiones, de acuerdo con el expediente\n19\/FMIXTLAXIACO\/2019.<\/p>\n\n\n\n<p>\u201cDerivado de la informaci\u00f3n que\ntenemos, no podemos decir que hay otro tirador, hay una sola persona que\ndispar\u00f3, as\u00ed lo confirman los testimonios recabados y los dict\u00e1menes\npericiales; este sujeto (J. M. V.) fue el que caus\u00f3 la muerte tanto del\npresidente municipal como del s\u00edndico\u201d, dijo entonces.<\/p>\n\n\n\n<p>La versi\u00f3n fue rechazada por la familia\ndel pol\u00edtico que consigui\u00f3 el triunfo con las siglas de Morena, quien exigi\u00f3\njusticia y castigo a los autores intelectuales del crimen, que calificaron de\ncar\u00e1cter pol\u00edtico.<\/p>\n\n\n\n<p>A tres meses de los hechos un segundo presunto involucrado en el homicidio fue detenido, informaci\u00f3n que fue confirmada por la Fiscal\u00eda General, echando abajo las declaraciones de su propio titular.<\/p>\n\n\n\n<figure class=\"wp-block-image\"><img decoding=\"async\" width=\"960\" height=\"821\" src=\"http:\/\/www.zonaroja.com.mx\/wp-content\/uploads\/2020\/01\/Un-a\u00f1o-Alejandro-Aparicio-3.jpg\" alt=\"\" class=\"wp-image-7215\" srcset=\"https:\/\/zonaroja.com.mx\/wp-content\/uploads\/2020\/01\/Un-a\u00f1o-Alejandro-Aparicio-3.jpg 960w, https:\/\/zonaroja.com.mx\/wp-content\/uploads\/2020\/01\/Un-a\u00f1o-Alejandro-Aparicio-3-300x257.jpg 300w, https:\/\/zonaroja.com.mx\/wp-content\/uploads\/2020\/01\/Un-a\u00f1o-Alejandro-Aparicio-3-768x657.jpg 768w, https:\/\/zonaroja.com.mx\/wp-content\/uploads\/2020\/01\/Un-a\u00f1o-Alejandro-Aparicio-3-585x500.jpg 585w\" sizes=\"(max-width: 960px) 100vw, 960px\" \/><\/figure>\n\n\n\n<p>Fue la Agencia Estatal de\nInvestigaciones que, en cumplimiento de una orden de aprehensi\u00f3n, detuvo a un\nindividuo no identificado en inmediaciones de Santa Cruz Itundujia, municipio\nperteneciente al distrito de Putla, mismo que fue trasladado a Huajuapan de\nLe\u00f3n para seguir el proceso judicial.<\/p>\n\n\n\n<p>En septiembre pasado, Victoria Feria\nCoronel, esposa del edil asesinado, asegur\u00f3 que las investigaciones para dar\ncon el paradero de los autores intelectuales del crimen van lentas, por lo que\nse manten\u00edan a la espera de los resultados de la Fiscal\u00eda que permitan hacer\njusticia.<\/p>\n\n\n\n<p>Reiter\u00f3 que el crimen es pol\u00edtico, toda\nvez que no existe otra explicaci\u00f3n para terminar con la vida de qui\u00e9n reci\u00e9n\nasum\u00eda el cargo, luego de desempe\u00f1arse como diputado por el Partido de la\nRevoluci\u00f3n Democr\u00e1tica (PRD).<\/p>\n","protected":false},"excerpt":{"rendered":"<p>Redacci\u00f3n\/Zona Roja. Oaxaca de Ju\u00e1rez, Oax., 2 de enero de 2020.- A un a\u00f1o del&hellip;<\/p>\n","protected":false},"author":2,"featured_media":7213,"comment_status":"closed","ping_status":"open","sticky":false,"template":"","format":"standard","meta":{"_lmt_disableupdate":"","_lmt_disable":"","_jetpack_memberships_contains_paid_content":false,"footnotes":""},"categories":[109,47],"tags":[1220,643],"class_list":["post-7212","post","type-post","status-publish","format-standard","has-post-thumbnail","hentry","category-minuto-a-minuto","category-zona-gris","tag-alejandro-aparicio-santiago","tag-heroica-ciudad-de-tlaxiaco"],"jetpack_featured_media_url":"https:\/\/zonaroja.com.mx\/wp-content\/uploads\/2020\/01\/Un-a\u00f1o-Alejandro-Aparicio-1.jpg","jetpack_sharing_enabled":true,"_links":{"self":[{"href":"https:\/\/zonaroja.com.mx\/index.php?rest_route=\/wp\/v2\/posts\/7212","targetHints":{"allow":["GET"]}}],"collection":[{"href":"https:\/\/zonaroja.com.mx\/index.php?rest_route=\/wp\/v2\/posts"}],"about":[{"href":"https:\/\/zonaroja.com.mx\/index.php?rest_route=\/wp\/v2\/types\/post"}],"author":[{"embeddable":true,"href":"https:\/\/zonaroja.com.mx\/index.php?rest_route=\/wp\/v2\/users\/2"}],"replies":[{"embeddable":true,"href":"https:\/\/zonaroja.com.mx\/index.php?rest_route=%2Fwp%2Fv2%2Fcomments&post=7212"}],"version-history":[{"count":1,"href":"https:\/\/zonaroja.com.mx\/index.php?rest_route=\/wp\/v2\/posts\/7212\/revisions"}],"predecessor-version":[{"id":7216,"href":"https:\/\/zonaroja.com.mx\/index.php?rest_route=\/wp\/v2\/posts\/7212\/revisions\/7216"}],"wp:featuredmedia":[{"embeddable":true,"href":"https:\/\/zonaroja.com.mx\/index.php?rest_route=\/wp\/v2\/media\/7213"}],"wp:attachment":[{"href":"https:\/\/zonaroja.com.mx\/index.php?rest_route=%2Fwp%2Fv2%2Fmedia&parent=7212"}],"wp:term":[{"taxonomy":"category","embeddable":true,"href":"https:\/\/zonaroja.com.mx\/index.php?rest_route=%2Fwp%2Fv2%2Fcategories&post=7212"},{"taxonomy":"post_tag","embeddable":true,"href":"https:\/\/zonaroja.com.mx\/index.php?rest_route=%2Fwp%2Fv2%2Ftags&post=7212"}],"curies":[{"name":"wp","href":"https:\/\/api.w.org\/{rel}","templated":true}]}}