{"id":72124,"date":"2024-09-04T21:25:02","date_gmt":"2024-09-05T03:25:02","guid":{"rendered":"https:\/\/zonaroja.com.mx\/?p=72124"},"modified":"2024-09-04T21:25:04","modified_gmt":"2024-09-05T03:25:04","slug":"pide-congreso-a-edil-separar-de-su-cargo-a-policias-de-santa-lucia-involucrados-en-muerte","status":"publish","type":"post","link":"https:\/\/zonaroja.com.mx\/?p=72124","title":{"rendered":"Pide Congreso a edil separar de su cargo a polic\u00edas de Santa Luc\u00eda, involucrados en muerte"},"content":{"rendered":"\n<p>Redacci\u00f3n\/Zona Roja.&nbsp;<\/p>\n\n\n\n<p>Oaxaca de Ju\u00e1rez, Oax., a 4 de septiembre de 2024.- La 65 Legislatura local exhorta al presidente del municipio de Santa Luc\u00eda del Camino, Juan Carlos Garc\u00eda M\u00e1rquez, separe de su encargo a todos los polic\u00edas municipales involucrados en el hecho donde muri\u00f3 el joven Diego I. P., y result\u00f3 lesionado su compa\u00f1ero C. J. R. M.<\/p>\n\n\n\n<p>En sesi\u00f3n ordinaria, el pleno aprob\u00f3 con 36 votos a favor el punto de acuerdo referido mediante el cual se pide esa medida, a fin de que la investigaci\u00f3n del caso ocurrido el 31 de agosto, se realice de manera clara, objetiva, imparcial y transparente.<\/p>\n\n\n\n<p>El llamado tambi\u00e9n es para la Fiscal\u00eda General del Estado de Oaxaca para que \u201ca la brevedad y con estricto apego a la ley y respeto a los derechos humanos investigue y persiga de manera eficaz los referidos hechos delictuosos, tomando las medidas pertinentes y vigilar para que todos los involucrados no se sustraigan de la acci\u00f3n de la justicia en caso de resultar responsables\u201d.<\/p>\n\n\n\n<p>Previo a su aprobaci\u00f3n, las diputadas y los diputados se posicionaron sobre este hecho; en su intervenci\u00f3n, la legisladora X\u00f3chitl Jazm\u00edn Vel\u00e1zquez V\u00e1squez demand\u00f3 justicia y solicit\u00f3 a la Fiscal\u00eda General del Estado de Oaxaca realice una investigaci\u00f3n exhaustiva para que se aplique la ley.<\/p>\n\n\n\n<p>\u201cEs de suma importancia que la integraci\u00f3n de la carpeta de investigaci\u00f3n sea de forma imparcial, objetiva y que cuente con los datos de prueba, ya que con ello se brindar\u00e1 certeza y seguridad jur\u00eddica a las partes del proceso penal, donde solicito que se aplique todo el peso y todo el castigo de la ley\u201d, manifest\u00f3.<\/p>\n\n\n\n<p>Al lamentar que el operativo alcohol\u00edmetro implementado por polic\u00edas municipales en Santa Luc\u00eda del Camino haya acabado en la muerte de un estudiante universitario, la diputada Adriana Altamirano Rosales se posicion\u00f3 en contra de estos dispositivos, y pidi\u00f3 a los ayuntamientos evitarlos.<\/p>\n\n\n\n<p>\u201cEsto es lamentable, hechos que no se deben de repetir bajo ninguna circunstancia, porque la intenci\u00f3n de estos operativos es preservar la vida y la integridad f\u00edsica de las personas y no todo lo contrario como sucedi\u00f3 el s\u00e1bado, por eso propongo a esta soberan\u00eda para que exhortemos a todos los ayuntamientos de los municipios conurbados que se abstengan de realizar los operativos de alcohol\u00edmetro y que sea la Polic\u00eda Vial del estado la \u00fanica instituci\u00f3n que realice dichos operativos, con los protocolos adecuados, polic\u00edas capacitados y un marco de respeto a la sociedad oaxaque\u00f1a\u201d, se\u00f1al\u00f3.<\/p>\n\n\n\n<p>El legislador No\u00e9 Doroteo Castillejos abord\u00f3 que en estos operativos se requieren de protocolos y de polic\u00edas certificados, por lo cual pidi\u00f3 que el nombramiento del responsable de la Polic\u00eda Municipal de Santa Luc\u00eda del Camino sea desde la Polic\u00eda Estatal.<\/p>\n\n\n\n<p>\u201cSegunda petici\u00f3n, que Derechos Humanos del Pueblo de Oaxaca est\u00e9 en todos y cada uno de los alcohol\u00edmetros, me parece pertinente, pero debe haber siempre ah\u00ed un visitador de la Comisi\u00f3n o de la Defensor\u00eda de los Derechos Humanos permanentemente\u201d, expres\u00f3.<\/p>\n\n\n\n<p>El congresista Leonardo D\u00edaz Jim\u00e9nez se manifest\u00f3 tambi\u00e9n porque se garantice justicia a las familias, y se eviten estos casos. \u201cTenemos que actuar, tenemos que hacer las cosas como lo mandataron los ciudadanos oaxaque\u00f1os, porque yo pido justicia\u201d, dijo.<\/p>\n\n\n\n<p>La legisladora Elvia Gabriela P\u00e9rez L\u00f3pez expres\u00f3 que desde el Congreso de Oaxaca dar\u00e1n seguimiento para que se garantice el acceso a la justicia, \u201cvamos a darle seguimiento al caso hasta que se hayan deslindado todas las responsabilidades y los culpables se encuentren pagando la condena impuesta por la autoridad competente\u201d.<\/p>\n\n\n\n<p>La congresista Lizbeth Anaid Concha Ojeda tambi\u00e9n se sum\u00f3 a la exigencia de justicia, \u201cdesde esta tribuna exigimos a la Fiscal\u00eda General del Estado que agilice las investigaciones para que todos los responsables por acci\u00f3n o por omisi\u00f3n sean castigados con todo rigor, tambi\u00e9n exigimos al presidente municipal de Santa Luc\u00eda del Camino y a todos los integrantes del ayuntamiento que coadyuven en las investigaciones, aporten todos los elementos de prueba para que la investigaci\u00f3n sea r\u00e1pida y exhaustiva\u201d.<\/p>\n\n\n\n<p>El diputado Sesul Bola\u00f1os L\u00f3pez exigi\u00f3 a las autoridades municipales de Santa Luc\u00eda del Camino esclarecer lo sucedido el 31 de agosto. \u201cEstos actos de agresi\u00f3n no se pueden seguir permitiendo y mucho menos debemos normalizarlos\u201d, expres\u00f3.<\/p>\n\n\n\n<p>Por otra parte, el Congreso de Oaxaca tambi\u00e9n recibi\u00f3 la solicitud entregada por integrantes de la comunidad estudiantil de la Universidad An\u00e1huac, mediante la cual solicitan al Poder Legislativo su intervenci\u00f3n para el inicio del proceso de revocaci\u00f3n de mandato del edil de Santa Luc\u00eda del Camino. Esta petici\u00f3n fue turnada a la Comisi\u00f3n de Gobierno y Asuntos Agrarios, para el proceso de an\u00e1lisis y dictaminaci\u00f3n correspondiente.<\/p>\n","protected":false},"excerpt":{"rendered":"<p>Redacci\u00f3n\/Zona Roja.&nbsp; Oaxaca de Ju\u00e1rez, Oax., a 4 de septiembre de 2024.- La 65 Legislatura&hellip;<\/p>\n","protected":false},"author":2,"featured_media":72125,"comment_status":"closed","ping_status":"open","sticky":false,"template":"","format":"standard","meta":{"_lmt_disableupdate":"","_lmt_disable":"","_jetpack_memberships_contains_paid_content":false,"footnotes":""},"categories":[109,47],"tags":[2743],"class_list":["post-72124","post","type-post","status-publish","format-standard","has-post-thumbnail","hentry","category-minuto-a-minuto","category-zona-gris","tag-65-legislatura-del-estado-de-oaxaca"],"jetpack_featured_media_url":"https:\/\/zonaroja.com.mx\/wp-content\/uploads\/2024\/09\/Exhorta-Congreso-a-Edil-separar-de-su-cargo-a-policias-de-Santa-Lucia-involucrados-en-muerte-de-estudiante_1.jpeg","jetpack_sharing_enabled":true,"_links":{"self":[{"href":"https:\/\/zonaroja.com.mx\/index.php?rest_route=\/wp\/v2\/posts\/72124","targetHints":{"allow":["GET"]}}],"collection":[{"href":"https:\/\/zonaroja.com.mx\/index.php?rest_route=\/wp\/v2\/posts"}],"about":[{"href":"https:\/\/zonaroja.com.mx\/index.php?rest_route=\/wp\/v2\/types\/post"}],"author":[{"embeddable":true,"href":"https:\/\/zonaroja.com.mx\/index.php?rest_route=\/wp\/v2\/users\/2"}],"replies":[{"embeddable":true,"href":"https:\/\/zonaroja.com.mx\/index.php?rest_route=%2Fwp%2Fv2%2Fcomments&post=72124"}],"version-history":[{"count":1,"href":"https:\/\/zonaroja.com.mx\/index.php?rest_route=\/wp\/v2\/posts\/72124\/revisions"}],"predecessor-version":[{"id":72126,"href":"https:\/\/zonaroja.com.mx\/index.php?rest_route=\/wp\/v2\/posts\/72124\/revisions\/72126"}],"wp:featuredmedia":[{"embeddable":true,"href":"https:\/\/zonaroja.com.mx\/index.php?rest_route=\/wp\/v2\/media\/72125"}],"wp:attachment":[{"href":"https:\/\/zonaroja.com.mx\/index.php?rest_route=%2Fwp%2Fv2%2Fmedia&parent=72124"}],"wp:term":[{"taxonomy":"category","embeddable":true,"href":"https:\/\/zonaroja.com.mx\/index.php?rest_route=%2Fwp%2Fv2%2Fcategories&post=72124"},{"taxonomy":"post_tag","embeddable":true,"href":"https:\/\/zonaroja.com.mx\/index.php?rest_route=%2Fwp%2Fv2%2Ftags&post=72124"}],"curies":[{"name":"wp","href":"https:\/\/api.w.org\/{rel}","templated":true}]}}