{"id":72127,"date":"2024-09-04T21:55:39","date_gmt":"2024-09-05T03:55:39","guid":{"rendered":"https:\/\/zonaroja.com.mx\/?p=72127"},"modified":"2024-09-04T21:55:41","modified_gmt":"2024-09-05T03:55:41","slug":"indagan-asesinato-en-matias-romero-y-dos-ataques-armados-en-tehuantepec","status":"publish","type":"post","link":"https:\/\/zonaroja.com.mx\/?p=72127","title":{"rendered":"Indagan asesinato en Mat\u00edas Romero y dos ataques armados en Tehuantepec"},"content":{"rendered":"\n<p>Raymundo Morales\/Zona Roja. Foto: ADN Sureste.<\/p>\n\n\n\n<p>Oaxaca de Ju\u00e1rez, Oax., a 4 de septiembre de 2024.- Una persona del sexo masculino fue asesinada anoche en Mat\u00edas Romero Avenda\u00f1o, municipio de la zona norte del Istmo de Tehuantepec.<\/p>\n\n\n\n<p>La agresi\u00f3n armada ocurri\u00f3 en un bar ubicado en la colonia Barrio Ju\u00e1rez Norte y hasta el momento no se cuenta con la identidad de la v\u00edctima.<\/p>\n\n\n\n<p>Seg\u00fan las versiones extraoficiales, sujetos armados arribaron y acribillaron al individuo, para huir de inmediato del lugar; la Vicefiscal\u00eda Regional del Istmo indaga los hechos.<\/p>\n\n\n\n<p>EN TEHUANTEPEC&nbsp;<\/p>\n\n\n\n<p>Mientras que en el barrio La Soledad de Santo Domingo Tehuantepec, calle Seminario esquina con Chihuahua, una persona del sexo masculino fue atacada a balazos esta noche.<\/p>\n\n\n\n<p>Al lugar arribaron param\u00e9dicos de la Cruz Roja Mexicana, quienes atendieron a la v\u00edctima y la trasladaron a un hospital; corporaciones policiacas arribaron despu\u00e9s de los hechos y supuestamente efectuaron operativos de b\u00fasqueda, pero sin \u00e9xito alguno.<\/p>\n\n\n\n<p>Un hecho similar ocurri\u00f3 tambi\u00e9n anoche pero en el barrio Vixhana, donde un joven fue atacado a tiros mientras caminaba en una vialidad; como pudo, logr\u00f3 correr y refugiarse en un domicilio.<\/p>\n\n\n\n<p>El hombre result\u00f3 ileso y los delincuentes lograron huir de la zona; en este caso tampoco hab\u00eda polic\u00edas municipales en la zona, por lo cual no hay reporte de personas detenidas.<\/p>\n","protected":false},"excerpt":{"rendered":"<p>Raymundo Morales\/Zona Roja. Foto: ADN Sureste. Oaxaca de Ju\u00e1rez, Oax., a 4 de septiembre de&hellip;<\/p>\n","protected":false},"author":2,"featured_media":72128,"comment_status":"closed","ping_status":"open","sticky":false,"template":"","format":"standard","meta":{"_lmt_disableupdate":"","_lmt_disable":"","_jetpack_memberships_contains_paid_content":false,"footnotes":""},"categories":[109,51],"tags":[228],"class_list":["post-72127","post","type-post","status-publish","format-standard","has-post-thumbnail","hentry","category-minuto-a-minuto","category-zona-roja","tag-matias-romero-avendano"],"jetpack_featured_media_url":"https:\/\/zonaroja.com.mx\/wp-content\/uploads\/2024\/09\/Asesinado-Matias-Romero.jpeg","jetpack_sharing_enabled":true,"_links":{"self":[{"href":"https:\/\/zonaroja.com.mx\/index.php?rest_route=\/wp\/v2\/posts\/72127","targetHints":{"allow":["GET"]}}],"collection":[{"href":"https:\/\/zonaroja.com.mx\/index.php?rest_route=\/wp\/v2\/posts"}],"about":[{"href":"https:\/\/zonaroja.com.mx\/index.php?rest_route=\/wp\/v2\/types\/post"}],"author":[{"embeddable":true,"href":"https:\/\/zonaroja.com.mx\/index.php?rest_route=\/wp\/v2\/users\/2"}],"replies":[{"embeddable":true,"href":"https:\/\/zonaroja.com.mx\/index.php?rest_route=%2Fwp%2Fv2%2Fcomments&post=72127"}],"version-history":[{"count":1,"href":"https:\/\/zonaroja.com.mx\/index.php?rest_route=\/wp\/v2\/posts\/72127\/revisions"}],"predecessor-version":[{"id":72129,"href":"https:\/\/zonaroja.com.mx\/index.php?rest_route=\/wp\/v2\/posts\/72127\/revisions\/72129"}],"wp:featuredmedia":[{"embeddable":true,"href":"https:\/\/zonaroja.com.mx\/index.php?rest_route=\/wp\/v2\/media\/72128"}],"wp:attachment":[{"href":"https:\/\/zonaroja.com.mx\/index.php?rest_route=%2Fwp%2Fv2%2Fmedia&parent=72127"}],"wp:term":[{"taxonomy":"category","embeddable":true,"href":"https:\/\/zonaroja.com.mx\/index.php?rest_route=%2Fwp%2Fv2%2Fcategories&post=72127"},{"taxonomy":"post_tag","embeddable":true,"href":"https:\/\/zonaroja.com.mx\/index.php?rest_route=%2Fwp%2Fv2%2Ftags&post=72127"}],"curies":[{"name":"wp","href":"https:\/\/api.w.org\/{rel}","templated":true}]}}