{"id":72136,"date":"2024-09-05T08:20:00","date_gmt":"2024-09-05T14:20:00","guid":{"rendered":"https:\/\/zonaroja.com.mx\/?p=72136"},"modified":"2024-09-05T08:44:51","modified_gmt":"2024-09-05T14:44:51","slug":"muere-joven-baleado-en-la-capital-de-oaxaca","status":"publish","type":"post","link":"https:\/\/zonaroja.com.mx\/?p=72136","title":{"rendered":"Muere joven baleado en la capital de Oaxaca"},"content":{"rendered":"\n<p>Raymundo Morales\/Zona Roja.<\/p>\n\n\n\n<p>Oaxaca de Ju\u00e1rez, Oax., a 5 de septiembre de 2024.- Debido a la gravedad de las lesiones, este mi\u00e9rcoles falleci\u00f3 un joven atacado a balazos en el fraccionamiento \u00c1lamos de la ciudad de Oaxaca.<\/p>\n\n\n\n<p>Como se inform\u00f3, la agresi\u00f3n ocurri\u00f3 la tarde-noche del pasado martes afuera de un domicilio de la calle Xaquieya, en que sujetos armados dispararon de manera directa en contra del individuo, que en otra ocasi\u00f3n ya hab\u00eda sufrido un atentado.<\/p>\n\n\n\n<p>Tras ello, fue atendido por param\u00e9dicos del Heroico Cuerpo de Bomberos y trasladado a un hospital, donde ayer se confirm\u00f3 que perdi\u00f3 la vida.<\/p>\n\n\n\n<p>La v\u00edctima fue identificada como Gustavo N., de 18 a\u00f1os de edad y, seg\u00fan los primeros reportes, recibi\u00f3 al menos cinco impactos de arma de fuego.<\/p>\n\n\n\n<p>Hasta el momento se desconocen las causas por las cuales lo atacaron a balazos y los hechos ya son investigados por la Fiscal\u00eda General del Estado de Oaxaca.<\/p>\n\n\n\n<p>Ayer tambi\u00e9n hubo un ataque armado en el municipio de Santo Domingo Tehuantepec, donde result\u00f3 lesionada una persona, al presuntamente resistirse a un asalto; fue trasladada a un hospital de dicho municipio istme\u00f1o.<\/p>\n","protected":false},"excerpt":{"rendered":"<p>Raymundo Morales\/Zona Roja. Oaxaca de Ju\u00e1rez, Oax., a 5 de septiembre de 2024.- Debido a&hellip;<\/p>\n","protected":false},"author":2,"featured_media":72137,"comment_status":"closed","ping_status":"open","sticky":false,"template":"","format":"standard","meta":{"_lmt_disableupdate":"","_lmt_disable":"","_jetpack_memberships_contains_paid_content":false,"footnotes":""},"categories":[109,51],"tags":[148],"class_list":["post-72136","post","type-post","status-publish","format-standard","has-post-thumbnail","hentry","category-minuto-a-minuto","category-zona-roja","tag-oaxaca-de-juarez"],"jetpack_featured_media_url":"https:\/\/zonaroja.com.mx\/wp-content\/uploads\/2024\/09\/Baleado-asesinado-fraccionamiento-Alamos-ciudad-de-Oaxaca.jpg","jetpack_sharing_enabled":true,"_links":{"self":[{"href":"https:\/\/zonaroja.com.mx\/index.php?rest_route=\/wp\/v2\/posts\/72136","targetHints":{"allow":["GET"]}}],"collection":[{"href":"https:\/\/zonaroja.com.mx\/index.php?rest_route=\/wp\/v2\/posts"}],"about":[{"href":"https:\/\/zonaroja.com.mx\/index.php?rest_route=\/wp\/v2\/types\/post"}],"author":[{"embeddable":true,"href":"https:\/\/zonaroja.com.mx\/index.php?rest_route=\/wp\/v2\/users\/2"}],"replies":[{"embeddable":true,"href":"https:\/\/zonaroja.com.mx\/index.php?rest_route=%2Fwp%2Fv2%2Fcomments&post=72136"}],"version-history":[{"count":2,"href":"https:\/\/zonaroja.com.mx\/index.php?rest_route=\/wp\/v2\/posts\/72136\/revisions"}],"predecessor-version":[{"id":72162,"href":"https:\/\/zonaroja.com.mx\/index.php?rest_route=\/wp\/v2\/posts\/72136\/revisions\/72162"}],"wp:featuredmedia":[{"embeddable":true,"href":"https:\/\/zonaroja.com.mx\/index.php?rest_route=\/wp\/v2\/media\/72137"}],"wp:attachment":[{"href":"https:\/\/zonaroja.com.mx\/index.php?rest_route=%2Fwp%2Fv2%2Fmedia&parent=72136"}],"wp:term":[{"taxonomy":"category","embeddable":true,"href":"https:\/\/zonaroja.com.mx\/index.php?rest_route=%2Fwp%2Fv2%2Fcategories&post=72136"},{"taxonomy":"post_tag","embeddable":true,"href":"https:\/\/zonaroja.com.mx\/index.php?rest_route=%2Fwp%2Fv2%2Ftags&post=72136"}],"curies":[{"name":"wp","href":"https:\/\/api.w.org\/{rel}","templated":true}]}}