{"id":72150,"date":"2024-09-05T10:24:00","date_gmt":"2024-09-05T16:24:00","guid":{"rendered":"https:\/\/zonaroja.com.mx\/?p=72150"},"modified":"2024-09-05T07:28:32","modified_gmt":"2024-09-05T13:28:32","slug":"a-cinco-anos-de-su-fallecimiento-recuerdan-a-toledo-con-exposiciones","status":"publish","type":"post","link":"https:\/\/zonaroja.com.mx\/?p=72150","title":{"rendered":"A cinco a\u00f1os de su fallecimiento, recuerdan a Toledo con exposiciones"},"content":{"rendered":"\n<p>Redacci\u00f3n\/Zona Roja.<\/p>\n\n\n\n<p>Oaxaca de Ju\u00e1rez, Oax., a 5 de septiembre de 2024.- &nbsp;Este 5 de septiembre se cumplen cinco a\u00f1os del fallecimiento del artista pl\u00e1stico Francisco Toledo.<\/p>\n\n\n\n<p>Para recordar la vida de su fundador, los espacios culturales, como el Instituto de Artes Gr\u00e1ficas de Oaxaca (IAGO), el Centro Fotogr\u00e1fico Manuel \u00c1lvarez Bravo (CFMAB) y el Centro de las Artes de San Agust\u00edn (CaSa), desde julio, mes en el que naci\u00f3, exhiben en sus salas obra del artista.<\/p>\n\n\n\n<p>Sara L\u00f3pez Ellitsgaard, presidenta de las asociaciones civiles, Amigos del IAGO y del CFMAB A.C. y Francisco Toledo A.C., mencion\u00f3 que el artista sigue presente a trav\u00e9s de su obra art\u00edstica y su legado cultural, por ello invit\u00f3 a las personas a recorrer los espacios culturales que cre\u00f3, sobre todo ahora que muestran distintas obras que realiz\u00f3, muchas de ellas provenientes de colecciones importantes y otras que no se hab\u00edan mostrado antes.&nbsp;<\/p>\n\n\n\n<p>A\u00f1adi\u00f3 que \u201ceste a\u00f1o se programaron exposiciones en tres de los espacios culturales que fund\u00f3, como una peque\u00f1a ventana al maestro como creador, objeto fotogr\u00e1fico, activista, amigo y padre de familia. Creo que para recordarlo y honrar su memoria no hacen falta, eventos o largos discursos, simplemente hay que visitar los espacios, disfrutemos de las exposiciones que el equipo de trabajo en estos cre\u00f3 para todos los visitantes, vayamos a las bibliotecas a leer o a la fonoteca a escuchar m\u00fasica. El maestro sigue con nosotros, en especial con los oaxaque\u00f1os que podemos disfrutar todos los d\u00edas de todo lo que dej\u00f3 para nuestro estado\u201d.<\/p>\n\n\n\n<p>Hazam Jara, director del IAGO, coment\u00f3 que las exposiciones del maestro Toledo siempre son muy visitadas. \u201cNos damos cuenta que cuando tenemos una actividad que est\u00e1 relacionada al maestro despierta mucho inter\u00e9s, el p\u00fablico que viene es variado y nos interesa que vengan las nuevas generaciones y muchos j\u00f3venes se acercan a \u00e9l a trav\u00e9s de su obra. Con la exposici\u00f3n&nbsp;\u2018Dibujos preparatorios. Toledo Ve\u2019&nbsp;recibimos a muchos estudiantes, dise\u00f1adores y arquitectos que quieren conocer un poco de los procesos creativos del maestro. Tambi\u00e9n de alguna forma se gener\u00f3 un circuito de visitas con los otros institutos que fund\u00f3 Toledo, porque del IAGO muchos visitaban la exposici\u00f3n del CaSa o primero iban all\u00e1 y regresaban a ver la de aqu\u00ed, porque ambas est\u00e1n ligadas\u201d.<\/p>\n\n\n\n<p>Sobre la exposici\u00f3n \u2018Toledo Ve\u2019, Daniel Brena, director del CaSa dijo que \u201ctiene un significado especial para quienes trabajamos en el CaSa. La mayor\u00eda de los objetos provienen de procesos que compartimos con \u00e9l, por lo que recordamos no solo las ideas que ten\u00eda, sino tambi\u00e9n todo lo que suced\u00eda a su alrededor mientras materializaba esas ideas en estos objetos. Cualquiera podr\u00e1 encontrar inspiraci\u00f3n en la atenci\u00f3n a los materiales, el dise\u00f1o y el simbolismo que imprimi\u00f3 en cada pieza. Ten\u00eda una creatividad inagotable\u201d.<\/p>\n\n\n\n<p>En el CaSa tambi\u00e9n pueden visitar,&nbsp;\u2018Francisco Toledo. Placas met\u00e1licas originales\u2019 y obra gr\u00e1fica que \u00e9l cre\u00f3 con ellas,&nbsp;una exposici\u00f3n integrada por obra gr\u00e1fica creada por el artista Francisco Toledo, en colaboraci\u00f3n con V\u00edctor Acu\u00f1a (1939-2021) y Armando Colina, ambos fundadores de la galer\u00eda Arvil, durante los a\u00f1os setenta y principios de los ochenta.<\/p>\n\n\n\n<p>Otra de las exposiciones que se presenta es \u2018Ver a Toledo\u2019 en el CFMAB, su director, Fausto Nah\u00fam, comparti\u00f3 que en esta \u201cse pueden apreciar diferentes im\u00e1genes y \u00e9pocas del maestro Toledo, se puede reconocer que todos tenemos una percepci\u00f3n de \u00e9l que se transforma en fotograf\u00eda\u201d.<\/p>\n\n\n\n<p>Puedes visitar las siguientes exposiciones en curso<\/p>\n\n\n\n<p>\u2018Dibujos preparatorios. Toledo Ve\u2019&nbsp;en el&nbsp;Instituto de Artes Gr\u00e1ficas de Oaxaca (IAGO) que abre en un horario de 09:00 a 20:00 horas de mi\u00e9rcoles a lunes.<\/p>\n\n\n\n<p>\u201cToledo Ve\u201d&nbsp;y&nbsp;\u201cFrancisco Toledo. Placas met\u00e1licas originales y obra gr\u00e1fica que \u00e9l cre\u00f3 con ellas\u201d&nbsp;en el Centro de las Artes de San Agust\u00edn (CaSa), abre todos los d\u00edas de la semana de 10:00 a 18:00 horas.<\/p>\n\n\n\n<p>\u201cVer a Toledo\u201d&nbsp;en el Centro Fotogr\u00e1fico Manuel \u00c1lvarez Bravo (CFMAB) de mi\u00e9rcoles a lunes de 09:30 a 20:00 horas, la entrada es gratuita en todos los espacios.&nbsp;<\/p>\n","protected":false},"excerpt":{"rendered":"<p>Redacci\u00f3n\/Zona Roja. Oaxaca de Ju\u00e1rez, Oax., a 5 de septiembre de 2024.- &nbsp;Este 5 de&hellip;<\/p>\n","protected":false},"author":2,"featured_media":72142,"comment_status":"closed","ping_status":"open","sticky":false,"template":"","format":"standard","meta":{"_lmt_disableupdate":"","_lmt_disable":"","_jetpack_memberships_contains_paid_content":false,"footnotes":""},"categories":[109,46],"tags":[677],"class_list":["post-72150","post","type-post","status-publish","format-standard","has-post-thumbnail","hentry","category-minuto-a-minuto","category-zona-blanca","tag-francisco-toledo"],"jetpack_featured_media_url":"https:\/\/zonaroja.com.mx\/wp-content\/uploads\/2024\/09\/Exposiciones-Francisco-Toledo.jpg","jetpack_sharing_enabled":true,"_links":{"self":[{"href":"https:\/\/zonaroja.com.mx\/index.php?rest_route=\/wp\/v2\/posts\/72150","targetHints":{"allow":["GET"]}}],"collection":[{"href":"https:\/\/zonaroja.com.mx\/index.php?rest_route=\/wp\/v2\/posts"}],"about":[{"href":"https:\/\/zonaroja.com.mx\/index.php?rest_route=\/wp\/v2\/types\/post"}],"author":[{"embeddable":true,"href":"https:\/\/zonaroja.com.mx\/index.php?rest_route=\/wp\/v2\/users\/2"}],"replies":[{"embeddable":true,"href":"https:\/\/zonaroja.com.mx\/index.php?rest_route=%2Fwp%2Fv2%2Fcomments&post=72150"}],"version-history":[{"count":1,"href":"https:\/\/zonaroja.com.mx\/index.php?rest_route=\/wp\/v2\/posts\/72150\/revisions"}],"predecessor-version":[{"id":72151,"href":"https:\/\/zonaroja.com.mx\/index.php?rest_route=\/wp\/v2\/posts\/72150\/revisions\/72151"}],"wp:featuredmedia":[{"embeddable":true,"href":"https:\/\/zonaroja.com.mx\/index.php?rest_route=\/wp\/v2\/media\/72142"}],"wp:attachment":[{"href":"https:\/\/zonaroja.com.mx\/index.php?rest_route=%2Fwp%2Fv2%2Fmedia&parent=72150"}],"wp:term":[{"taxonomy":"category","embeddable":true,"href":"https:\/\/zonaroja.com.mx\/index.php?rest_route=%2Fwp%2Fv2%2Fcategories&post=72150"},{"taxonomy":"post_tag","embeddable":true,"href":"https:\/\/zonaroja.com.mx\/index.php?rest_route=%2Fwp%2Fv2%2Ftags&post=72150"}],"curies":[{"name":"wp","href":"https:\/\/api.w.org\/{rel}","templated":true}]}}