{"id":72155,"date":"2024-09-05T09:55:00","date_gmt":"2024-09-05T15:55:00","guid":{"rendered":"https:\/\/zonaroja.com.mx\/?p=72155"},"modified":"2024-09-05T07:59:37","modified_gmt":"2024-09-05T13:59:37","slug":"regala-ayuntamiento-capitalino-abono-y-arboles-para-mitigar-cambio-climatico","status":"publish","type":"post","link":"https:\/\/zonaroja.com.mx\/?p=72155","title":{"rendered":"Regala ayuntamiento capitalino abono y \u00e1rboles, para mitigar cambio clim\u00e1tico\u00a0"},"content":{"rendered":"\n<p>Redacci\u00f3n\/Zona Roja.&nbsp;<\/p>\n\n\n\n<p>Oaxaca de Ju\u00e1rez, Oax., a 5 de septiembre de 2024.- El ayuntamiento de Oaxaca de Ju\u00e1rez, a trav\u00e9s de la Secretar\u00eda de Medio Ambiente y Cambio Clim\u00e1tico, llevar\u00e1 a cabo la entrega de abono org\u00e1nico y mil ejemplares arb\u00f3reos de diversas especies end\u00e9micas con el objetivo de promover la reforestaci\u00f3n urbana y sensibilizar a la ciudadan\u00eda en materia de cuidado ambiental.<\/p>\n\n\n\n<p>Por instrucci\u00f3n del presidente municipal, Francisco Mart\u00ednez Neri, el evento contar\u00e1 con la colaboraci\u00f3n intersecretarial de diferentes \u00e1reas municipales, incluyendo la Secretar\u00eda de Seguridad Ciudadana, Movilidad y Protecci\u00f3n Civil, para asegurar una log\u00edstica eficiente y una \u00f3ptima atenci\u00f3n a la ciudadan\u00eda.&nbsp;<\/p>\n\n\n\n<p>La distribuci\u00f3n de los \u00e1rboles y el abono se realizar\u00e1 en un ambiente de colaboraci\u00f3n entre las dependencias involucradas, demostrando as\u00ed el compromiso del gobierno municipal con la preservaci\u00f3n del medio ambiente.<\/p>\n\n\n\n<p>Durante la jornada, se entregar\u00e1n un total de mil ejemplares de \u00e1rboles urbanos de especies como tronadora, mezquite, macuil, flor de mayo, guaje, guayaba, higo, pochote, jacaranda, y flamboy\u00e1n, as\u00ed como 600 bultos de abono org\u00e1nico.<\/p>\n\n\n\n<p>Dichas especies son apropiadas para sembrar en casas, banquetas o terrenos urbanos, ayudar\u00e1n a mejorar la calidad del aire, regular las temperaturas, y contribuir a la est\u00e9tica urbana.<\/p>\n\n\n\n<p>Elsa Ortiz Rodr\u00edguez, titular de la Secretar\u00eda de Medio Ambiente y Cambio Clim\u00e1tico, enfatiz\u00f3 que el prop\u00f3sito principal de esta iniciativa es concienciar a la poblaci\u00f3n sobre la importancia de plantar, cuidar y nutrir los \u00e1rboles, especialmente aprovechando la temporada de lluvias.&nbsp;<\/p>\n\n\n\n<p>\u201cUn \u00e1rbol es oro puro\u201d, destac\u00f3 Ortiz, refiri\u00e9ndose al papel vital que juegan los \u00e1rboles en la absorci\u00f3n de agua, la generaci\u00f3n de ox\u00edgeno y la regulaci\u00f3n de las temperaturas.<\/p>\n\n\n\n<p>La secretaria tambi\u00e9n subray\u00f3 la importancia de estas acciones para fomentar una cultura de sostenibilidad en Oaxaca de Ju\u00e1rez: \u201cQueremos sensibilizar a la ciudadan\u00eda y generar un cambio ambiental a trav\u00e9s de estos esfuerzos\u201d.<\/p>\n\n\n\n<p>Este evento forma parte de una de las directrices primordiales de la administraci\u00f3n del presidente municipal, Mart\u00ednez Neri, que busca convertir a Oaxaca de Ju\u00e1rez en una ciudad sustentable y amigable con la naturaleza, dejando un legado ambiental transformador para las generaciones futuras.<\/p>\n\n\n\n<p>El evento ser\u00e1 encabezado por el presidente municipal, este s\u00e1bado 7 de septiembre a las 07:00 de la ma\u00f1ana junto con la secretaria de Medio Ambiente, otros secretarios y secretarias, as\u00ed como regidores y regidoras.<\/p>\n\n\n\n<p>Adem\u00e1s, Ortiz Rodr\u00edguez mencion\u00f3 que se continuar\u00e1 con las acciones de reforestaci\u00f3n en puntos clave de la ciudad, como los r\u00edos, las banquetas y las entradas y salidas de la capital.&nbsp;<\/p>\n\n\n\n<p>El ayuntamiento de Oaxaca de Ju\u00e1rez reafirma su compromiso con el medio ambiente y su liderazgo en la mejora de la calidad de vida a trav\u00e9s de estas iniciativas.&nbsp;<\/p>\n\n\n\n<p>Se convoca a la ciudadan\u00eda en general a acudir a la calle Jorge L. Tamayo #104 agencia de Candiani, a un costado de la estaci\u00f3n de bomberos, para recibir abono org\u00e1nico o un \u00e1rbol end\u00e9mico.&nbsp;<\/p>\n\n\n\n<p>Cabe destacar que los ciudadanos que no logren obtener alguno de estos beneficios el d\u00eda de la entrega, recibir\u00e1n un vale para canjearlo posteriormente en el vivero municipal.<\/p>\n","protected":false},"excerpt":{"rendered":"<p>Redacci\u00f3n\/Zona Roja.&nbsp; Oaxaca de Ju\u00e1rez, Oax., a 5 de septiembre de 2024.- El ayuntamiento de&hellip;<\/p>\n","protected":false},"author":2,"featured_media":72156,"comment_status":"closed","ping_status":"open","sticky":false,"template":"","format":"standard","meta":{"_lmt_disableupdate":"","_lmt_disable":"","_jetpack_memberships_contains_paid_content":false,"footnotes":""},"categories":[109,46],"tags":[148],"class_list":["post-72155","post","type-post","status-publish","format-standard","has-post-thumbnail","hentry","category-minuto-a-minuto","category-zona-blanca","tag-oaxaca-de-juarez"],"jetpack_featured_media_url":"https:\/\/zonaroja.com.mx\/wp-content\/uploads\/2024\/09\/Abono-organico.jpeg","jetpack_sharing_enabled":true,"_links":{"self":[{"href":"https:\/\/zonaroja.com.mx\/index.php?rest_route=\/wp\/v2\/posts\/72155","targetHints":{"allow":["GET"]}}],"collection":[{"href":"https:\/\/zonaroja.com.mx\/index.php?rest_route=\/wp\/v2\/posts"}],"about":[{"href":"https:\/\/zonaroja.com.mx\/index.php?rest_route=\/wp\/v2\/types\/post"}],"author":[{"embeddable":true,"href":"https:\/\/zonaroja.com.mx\/index.php?rest_route=\/wp\/v2\/users\/2"}],"replies":[{"embeddable":true,"href":"https:\/\/zonaroja.com.mx\/index.php?rest_route=%2Fwp%2Fv2%2Fcomments&post=72155"}],"version-history":[{"count":1,"href":"https:\/\/zonaroja.com.mx\/index.php?rest_route=\/wp\/v2\/posts\/72155\/revisions"}],"predecessor-version":[{"id":72157,"href":"https:\/\/zonaroja.com.mx\/index.php?rest_route=\/wp\/v2\/posts\/72155\/revisions\/72157"}],"wp:featuredmedia":[{"embeddable":true,"href":"https:\/\/zonaroja.com.mx\/index.php?rest_route=\/wp\/v2\/media\/72156"}],"wp:attachment":[{"href":"https:\/\/zonaroja.com.mx\/index.php?rest_route=%2Fwp%2Fv2%2Fmedia&parent=72155"}],"wp:term":[{"taxonomy":"category","embeddable":true,"href":"https:\/\/zonaroja.com.mx\/index.php?rest_route=%2Fwp%2Fv2%2Fcategories&post=72155"},{"taxonomy":"post_tag","embeddable":true,"href":"https:\/\/zonaroja.com.mx\/index.php?rest_route=%2Fwp%2Fv2%2Ftags&post=72155"}],"curies":[{"name":"wp","href":"https:\/\/api.w.org\/{rel}","templated":true}]}}