{"id":72158,"date":"2024-09-05T13:59:00","date_gmt":"2024-09-05T19:59:00","guid":{"rendered":"https:\/\/zonaroja.com.mx\/?p=72158"},"modified":"2024-09-05T08:08:55","modified_gmt":"2024-09-05T14:08:55","slug":"opinion-la-ciudad-mal-educada","status":"publish","type":"post","link":"https:\/\/zonaroja.com.mx\/?p=72158","title":{"rendered":"Opini\u00f3n. La ciudad mal educada"},"content":{"rendered":"\n<p>N\u00e9stor Y. S\u00e1nchez Islas<\/p>\n\n\n\n<p>Seguro ya lo not\u00f3. No se necesita ser experto para darse cuenta de que la prometida \u201cciudad educadora\u201d sali\u00f3 respondona y mal educada. No era para menos,&nbsp;quienes llegaron&nbsp;para&nbsp;erigirse como faro moral para&nbsp;educarnos&nbsp;olvidaron que, aunque&nbsp;el&nbsp;poder&nbsp;lo&nbsp;hayan obtenido en las urnas, la autoridad moral y, por tanto, la&nbsp;ascendencia&nbsp;de ellos&nbsp;sobre&nbsp;nosotros&nbsp;es algo que&nbsp;deben ganarse&nbsp;y,&nbsp;quienes tienen hoy&nbsp;gobiernan,&nbsp;han vivido toda la vida de la agitaci\u00f3n,&nbsp;el chantaje social&nbsp;y el embuste como para que ahora&nbsp;les tengamos&nbsp;un respeto&nbsp;que no merecen.<\/p>\n\n\n\n<p>La calidad de vida en nuestra verde Antequera camina en reversa, pero no por la modernidad y los problemas que trae&nbsp;aparejados. No, lo es por el abandono de sus autoridades.<\/p>\n\n\n\n<p>La pugna entre los equipos del gobernador y del presidente municipal han agravado los problemas que, si bien no&nbsp;fueron&nbsp;originados&nbsp;ni&nbsp;exclusivos&nbsp;de&nbsp;los&nbsp;dos \u00faltimos alcaldes, tampoco pudieron resolver&nbsp;por estar m\u00e1s ocupados en&nbsp;sus carreras pol\u00edticas&nbsp;que en servir a quienes prometieron mejorar sus condiciones de vida.<\/p>\n\n\n\n<p>Salir a las&nbsp;calles de la verde Antequera&nbsp;ya no es&nbsp;vivir&nbsp;el realismo m\u00e1gico que se le vende al turista, es padecer la anarqu\u00eda&nbsp;y la criminalidad&nbsp;de un tejido&nbsp;y contrato social roto, una ruptura ampliamente promovida y ejecutada por los antiguos agitadores,&nbsp;hoy convertidos en gobernantes.<\/p>\n\n\n\n<p>A la ciudad abandona por su autoridad municipal hay que sumar lo irrespetuoso del gobierno estatal.&nbsp;Nuestra ciudad est\u00e1 considerada como parte del Patrimonio Mundial de la Humanidad. Tenemos bajo nuestro resguardo&nbsp;preciados&nbsp;monumentos que son como personas de la tercera edad que, por ese solo hecho, merecen respeto, buen trato y consideraciones.<\/p>\n\n\n\n<p>De alguien tuvo que ser la ocurrencia de convertir los muros tapiados de la Catedral Metropolitana en vulgares bardas para propaganda.&nbsp;Como si fueran los muros de la zona del mercado de&nbsp;Abasto&nbsp;cubiertos con publicidad de eventos de chanclazo y tamborazo,&nbsp;los tapiales colocados para proteger obras de conservaci\u00f3n est\u00e1n tapizados de&nbsp;propaganda oficial&nbsp;para&nbsp;diferentes eventos.&nbsp;Prefiero pensar que olvidan las cosas antes de creer que son ignorantes e irrespetuosos. Olvidan&nbsp;que es uno de los edificios m\u00e1s&nbsp;valiosos de nuestro patrimonio&nbsp;hist\u00f3rico, pero m\u00e1s importante a\u00fan,&nbsp;olvidan&nbsp;que se trata de un templo religioso que debe ser respetado por los funcionarios a pesar de&nbsp;que&nbsp;no&nbsp;practiquen&nbsp;esa fe.&nbsp;Si por un lado el gobierno del estado hace lo que quiera ante un municipio ausente, los municipales toleran&nbsp;desde payasos hasta grupos musicales en el atrio de la iglesia, una zona que deber\u00eda volver a&nbsp;delimitarse&nbsp;con sus rejas porque ya est\u00e1 visto que el \u00e1nimo urban\u00edstico de integrarlas al espacio urbano solo ha sido para abusar de \u00e9l. La iglesia de Santo Domingo est\u00e1 en la misma situaci\u00f3n.<\/p>\n\n\n\n<p>El recuento de los da\u00f1os&nbsp;f\u00edsicos&nbsp;es muy sencillo porque son visibles y evidentes, lo dif\u00edcil es ver la descomposici\u00f3n social porque es del terreno moral y filos\u00f3fico. Los sem\u00e1foros est\u00e1n como los parques, las calles y el arbolado urbano: abandonados.&nbsp;Las calles privatizadas a favor de los ambulantes que en sus vendimias destruyen&nbsp;la infraestructura urbana.&nbsp;Muros y bardas como lienzos para grafiti, ni siquiera arte urbano.&nbsp;Postes de alumbrado, ciclov\u00edas&nbsp;y paradores del fracasado City Bus vandalizados&nbsp;y agregue usted todos los que observa en su cotidiano transitar.<\/p>\n\n\n\n<p>El diagn\u00f3stico es correcto, necesitamos una ciudad educadora, pero&nbsp;no en las manos de quienes est\u00e1 hoy. Necesitamos detener el deterioro del tejido social porque la anarqu\u00eda a nadie le conviene m\u00e1s que al gobierno para imponer un estado policial o militarizado, que para all\u00e1 nos&nbsp;quiere llevar. Para vivir en&nbsp;libertad necesitamos que se vuelva a respetar el&nbsp;\u201cContrato&nbsp;Social\u201d,&nbsp;una&nbsp;pr\u00e1ctica&nbsp;pol\u00edtica fundamental que&nbsp;explica y justifica&nbsp;el origen del poder pol\u00edtico&nbsp;civil y no militar.&nbsp;El fil\u00f3sofo franc\u00e9s Jean-Jacques Rousseau&nbsp;afirmaba que el&nbsp;hombre nace libre, pero la sociedad lo encadena. El contrato social permite a los individuos recuperar una parte de la libertad que hab\u00edan perdido al unirse a la sociedad, pero bajo las condiciones de la ley com\u00fan&nbsp;que es de libre aceptaci\u00f3n entre los individuos,&nbsp;de inter\u00e9s general y por el bien com\u00fan de la sociedad, con respeto a la soberan\u00eda popular&nbsp;y un gobierno que sea representante de&nbsp;esa&nbsp;voluntad;&nbsp;a cambio de eso,&nbsp;las personas&nbsp;ceden&nbsp;temporalmente sus derechos naturales para&nbsp;aceptar&nbsp;la autoridad del Estado.<\/p>\n\n\n\n<p>Aqu\u00ed&nbsp;cada uno&nbsp;hace lo que quiere:&nbsp;igual pone su bocina toda lo noche a todo volumen&nbsp;que&nbsp;cierra una calle para&nbsp;la fiesta&nbsp;familiar. \u00bfA qui\u00e9n le conviene la anarqu\u00eda?<\/p>\n\n\n\n<p>HOMENAJE.<\/p>\n\n\n\n<p>Hoy como nunca es indispensable reconocer&nbsp;a&nbsp;quienes han ejercido&nbsp;y defendido&nbsp;el periodismo&nbsp;y la&nbsp;libertad de expresi\u00f3n como&nbsp;pilar de una sociedad democr\u00e1tica. Es el caso de&nbsp;Benjam\u00edn Fern\u00e1ndez Pichardo, quien recibi\u00f3&nbsp;del Club Primera Plana un justo reconocimiento a una vida dedicada a servir&nbsp;a trav\u00e9s de una periodismo libre e independiente. \u00a1Muchas felicidades!<\/p>\n\n\n\n<p>nestoryuri@yahoo.com<\/p>\n","protected":false},"excerpt":{"rendered":"<p>N\u00e9stor Y. S\u00e1nchez Islas Seguro ya lo not\u00f3. No se necesita ser experto para darse&hellip;<\/p>\n","protected":false},"author":2,"featured_media":67897,"comment_status":"closed","ping_status":"open","sticky":false,"template":"","format":"standard","meta":{"_lmt_disableupdate":"","_lmt_disable":"","_jetpack_memberships_contains_paid_content":false,"footnotes":""},"categories":[456,109],"tags":[3050],"class_list":["post-72158","post","type-post","status-publish","format-standard","has-post-thumbnail","hentry","category-columna","category-minuto-a-minuto","tag-nestor-yuri-sanchez"],"jetpack_featured_media_url":"https:\/\/zonaroja.com.mx\/wp-content\/uploads\/2024\/05\/Opinion-Nestor-Yuri-Sanchez.jpeg","jetpack_sharing_enabled":true,"_links":{"self":[{"href":"https:\/\/zonaroja.com.mx\/index.php?rest_route=\/wp\/v2\/posts\/72158","targetHints":{"allow":["GET"]}}],"collection":[{"href":"https:\/\/zonaroja.com.mx\/index.php?rest_route=\/wp\/v2\/posts"}],"about":[{"href":"https:\/\/zonaroja.com.mx\/index.php?rest_route=\/wp\/v2\/types\/post"}],"author":[{"embeddable":true,"href":"https:\/\/zonaroja.com.mx\/index.php?rest_route=\/wp\/v2\/users\/2"}],"replies":[{"embeddable":true,"href":"https:\/\/zonaroja.com.mx\/index.php?rest_route=%2Fwp%2Fv2%2Fcomments&post=72158"}],"version-history":[{"count":1,"href":"https:\/\/zonaroja.com.mx\/index.php?rest_route=\/wp\/v2\/posts\/72158\/revisions"}],"predecessor-version":[{"id":72159,"href":"https:\/\/zonaroja.com.mx\/index.php?rest_route=\/wp\/v2\/posts\/72158\/revisions\/72159"}],"wp:featuredmedia":[{"embeddable":true,"href":"https:\/\/zonaroja.com.mx\/index.php?rest_route=\/wp\/v2\/media\/67897"}],"wp:attachment":[{"href":"https:\/\/zonaroja.com.mx\/index.php?rest_route=%2Fwp%2Fv2%2Fmedia&parent=72158"}],"wp:term":[{"taxonomy":"category","embeddable":true,"href":"https:\/\/zonaroja.com.mx\/index.php?rest_route=%2Fwp%2Fv2%2Fcategories&post=72158"},{"taxonomy":"post_tag","embeddable":true,"href":"https:\/\/zonaroja.com.mx\/index.php?rest_route=%2Fwp%2Fv2%2Ftags&post=72158"}],"curies":[{"name":"wp","href":"https:\/\/api.w.org\/{rel}","templated":true}]}}