{"id":72160,"date":"2024-09-05T12:21:00","date_gmt":"2024-09-05T18:21:00","guid":{"rendered":"https:\/\/zonaroja.com.mx\/?p=72160"},"modified":"2024-09-05T08:22:29","modified_gmt":"2024-09-05T14:22:29","slug":"hay-temor-entre-empresarios-por-reforma-judicial-financial-times","status":"publish","type":"post","link":"https:\/\/zonaroja.com.mx\/?p=72160","title":{"rendered":"Hay temor entre empresarios por reforma judicial: Financial Times"},"content":{"rendered":"\n<p>Redacci\u00f3n\/Zona Roja Cdmx.<\/p>\n\n\n\n<p>Ciudad de M\u00e9xico, a 5 de septiembre de 2024.- Hay alarma entre los l\u00edderes empresariales sobre los planes del gobierno de M\u00e9xico de reescribir su Constituci\u00f3n, iniciando con la reforma judicial, alert\u00f3 ayer un art\u00edculo publicado por el diario brit\u00e1nico \u201cFinancial Times\u201d.<\/p>\n\n\n\n<p>Asegur\u00f3 que los l\u00edderes empresariales temen que los cambios impulsados por el presidente Andr\u00e9s Manuel L\u00f3pez Obrador empeoren la situaci\u00f3n de impunidad y corrupci\u00f3n, al politizar la justicia.<\/p>\n\n\n\n<p>Destac\u00f3 que las amplias reformas impulsadas por el populista e izquierdista Presidente mexicano corren el riesgo de socavar el Estado de derecho en M\u00e9xico.<\/p>\n\n\n\n<p>El texto es un art\u00edculo titulado \u201cLas empresas hacen sonar la alarma por la reestructuraci\u00f3n constitucional de M\u00e9xico\u201d, el cual es firmado por Michael Stott, editor en jefe para Am\u00e9rica Latina del diario.<\/p>\n\n\n\n<p>\u201cL\u00f3pez Obrador, constitucionalmente excluido de la reelecci\u00f3n, quiere utilizar la reci\u00e9n adquirida fuerza de su partido Morena en el Congreso (una supermayor\u00eda) para completar una cuarta transformaci\u00f3n que equipara con la independencia de la Espa\u00f1a colonial\u201d, dijo.<\/p>\n\n\n\n<p>Record\u00f3 que, seg\u00fan el mandatario mexicano, sus reformas aprobadas este mi\u00e9rcoles en la C\u00e1mara de Diputados impulsar\u00e1n la democracia y arreglar\u00e1n un poder judicial corrupto, \u201cpero los l\u00edderes empresariales temen que los cambios de L\u00f3pez Obrador empeoren las cosas al politizar la justicia\u201d.<\/p>\n\n\n\n<p>Scott indic\u00f3 que la C\u00e1mara de Comercio de Estados Unidos est\u00e1 molesta y evoc\u00f3 la reprimenda del embajador Ken Salazar, que provoc\u00f3 la \u201cpausa\u201d diplom\u00e1tica.<\/p>\n\n\n\n<p>Precis\u00f3, adem\u00e1s, que a los inversores les preocupa que los cambios propuestos por L\u00f3pez Obrador violen los acuerdos comerciales.<\/p>\n\n\n\n<p>Recuper\u00f3 tambi\u00e9n lo dicho por Alberto Ramos, economista jefe para Am\u00e9rica Latina de Goldman Sachs, quien alert\u00f3 que la reforma est\u00e1 socavando el potencial de M\u00e9xico en \u201cnearshoring\u201d y transita hacia el conflicto y fricciones con Estados Unidos, que podr\u00edan socavar la inversi\u00f3n.<\/p>\n\n\n\n<p>Advirti\u00f3 que los inversores extranjeros no quisieron creerle a L\u00f3pez Obrador sobre sus planes anunciados en febrero o esperaban que Claudia Sheinbaum demostrara ser una tecn\u00f3crata pragm\u00e1tica.<\/p>\n\n\n\n<p>Tras recordar el alza del d\u00f3lar 12 por ciento, retom\u00f3 otras opiniones que advierten que esta reforma \u201cse parece m\u00e1s a un c\u00e1ncer que a un ataque card\u00edaco\u201d y en los que se asegura que el riesgo de una crisis de los mercados no disuadir\u00e1 a L\u00f3pez Obrador y Sheinbaum: \u201cLlevan seis a\u00f1os esperando hacer esto\u201d.<\/p>\n\n\n\n<p>(Informaci\u00f3n de \u201cEl Financiero\u201d)<\/p>\n","protected":false},"excerpt":{"rendered":"<p>Redacci\u00f3n\/Zona Roja Cdmx. Ciudad de M\u00e9xico, a 5 de septiembre de 2024.- Hay alarma entre&hellip;<\/p>\n","protected":false},"author":2,"featured_media":71598,"comment_status":"closed","ping_status":"open","sticky":false,"template":"","format":"standard","meta":{"_lmt_disableupdate":"","_lmt_disable":"","_jetpack_memberships_contains_paid_content":false,"footnotes":""},"categories":[109,47],"tags":[4027],"class_list":["post-72160","post","type-post","status-publish","format-standard","has-post-thumbnail","hentry","category-minuto-a-minuto","category-zona-gris","tag-reforma-al-poder-judicial"],"jetpack_featured_media_url":"https:\/\/zonaroja.com.mx\/wp-content\/uploads\/2024\/08\/Paro-poder-judicial-de-la-federacion-1.jpeg","jetpack_sharing_enabled":true,"_links":{"self":[{"href":"https:\/\/zonaroja.com.mx\/index.php?rest_route=\/wp\/v2\/posts\/72160","targetHints":{"allow":["GET"]}}],"collection":[{"href":"https:\/\/zonaroja.com.mx\/index.php?rest_route=\/wp\/v2\/posts"}],"about":[{"href":"https:\/\/zonaroja.com.mx\/index.php?rest_route=\/wp\/v2\/types\/post"}],"author":[{"embeddable":true,"href":"https:\/\/zonaroja.com.mx\/index.php?rest_route=\/wp\/v2\/users\/2"}],"replies":[{"embeddable":true,"href":"https:\/\/zonaroja.com.mx\/index.php?rest_route=%2Fwp%2Fv2%2Fcomments&post=72160"}],"version-history":[{"count":1,"href":"https:\/\/zonaroja.com.mx\/index.php?rest_route=\/wp\/v2\/posts\/72160\/revisions"}],"predecessor-version":[{"id":72161,"href":"https:\/\/zonaroja.com.mx\/index.php?rest_route=\/wp\/v2\/posts\/72160\/revisions\/72161"}],"wp:featuredmedia":[{"embeddable":true,"href":"https:\/\/zonaroja.com.mx\/index.php?rest_route=\/wp\/v2\/media\/71598"}],"wp:attachment":[{"href":"https:\/\/zonaroja.com.mx\/index.php?rest_route=%2Fwp%2Fv2%2Fmedia&parent=72160"}],"wp:term":[{"taxonomy":"category","embeddable":true,"href":"https:\/\/zonaroja.com.mx\/index.php?rest_route=%2Fwp%2Fv2%2Fcategories&post=72160"},{"taxonomy":"post_tag","embeddable":true,"href":"https:\/\/zonaroja.com.mx\/index.php?rest_route=%2Fwp%2Fv2%2Ftags&post=72160"}],"curies":[{"name":"wp","href":"https:\/\/api.w.org\/{rel}","templated":true}]}}