{"id":72164,"date":"2024-09-05T10:30:24","date_gmt":"2024-09-05T16:30:24","guid":{"rendered":"https:\/\/zonaroja.com.mx\/?p=72164"},"modified":"2024-09-05T10:30:24","modified_gmt":"2024-09-05T16:30:24","slug":"caso-diego-lleva-fiscalia-ante-juez-a-dos-policias-detenidos-en-santa-lucia-del-camino","status":"publish","type":"post","link":"https:\/\/zonaroja.com.mx\/?p=72164","title":{"rendered":"Caso Diego: lleva Fiscal\u00eda ante juez a dos polic\u00edas detenidos en Santa Luc\u00eda del Camino"},"content":{"rendered":"\n<p>Redacci\u00f3n\/Zona Roja.&nbsp;<\/p>\n\n\n\n<p class=\"MsoNormal\">Oaxaca de Ju\u00e1rez, Oax. 5 de septiembre de 2024.-&nbsp;Como parte del avance en el caso en el que se emplean los m\u00e1s altos est\u00e1ndares en materia de procuraci\u00f3n de justicia y con perspectiva de derechos humanos, as\u00ed como victimol\u00f3gica, la Fiscal\u00eda General del Estado de Oaxaca (FGEO) llev\u00f3 ante el Juez y logr\u00f3 la imputaci\u00f3n por el delito de ejecuci\u00f3n extrajudicial en contra de dos personas (polic\u00edas municipales) por los hechos en los que perdi\u00f3 la vida D. I. P. por disparo de arma de fuego, durante un incidente con la polic\u00eda municipal de Santa Luc\u00eda del Camino en un punto de revisi\u00f3n por el operativo alcohol\u00edmetro.<\/p>\n\n\n\n<p class=\"MsoNormal\">La Fiscal\u00eda General del Estado detall\u00f3 que, realiz\u00f3 los trabajos jur\u00eddicos necesarios para aplicar la reforma realizada al Art\u00edculo 292 Quarter del C\u00f3digo Penal del Estado de Oaxaca, lo que permiti\u00f3 obtener el resultado favorable en la audiencia de control de detenci\u00f3n y comunicaci\u00f3n de imputaci\u00f3n que se desarroll\u00f3 este 4 de septiembre de 2024, en contra de dos personas del sexo masculino identificadas como A.R.P. y J.J.S.C., por el delito de ejecuci\u00f3n extrajudicial de un hombre identificado como D.I.P.<\/p>\n\n\n\n<p class=\"MsoNormal\">Con la imputaci\u00f3n de los dos elementos de la Polic\u00eda Municipal de Santa Luc\u00eda del Camino, es la primera vez en Oaxaca, y primer caso en M\u00e9xico, en que se inicia una investigaci\u00f3n ministerial por el delito de Ejecuci\u00f3n Extrajudicial, pues es un delito que recientemente fue tipificado, apenas en junio de 2024, luego de pasar por el Congreso Local.<\/p>\n\n\n\n<p class=\"MsoNormal\">Por ello, el organismo procurador de justicia, a trav\u00e9s de la Fiscal\u00eda Especializada para la Atenci\u00f3n a Delitos de Alto Impacto ha realizado los actos de investigaci\u00f3n gracias a los cuales se han reunido las pruebas suficientes para realizar la imputaci\u00f3n de este caso paradigm\u00e1tico.&nbsp;<\/p>\n\n\n\n<p class=\"MsoNormal\">Adem\u00e1s, que en el proceso de procuraci\u00f3n de justicia se prioriza la aplicaci\u00f3n de la perspectiva de derechos humanos, por ello, dentro de la integraci\u00f3n de la carpeta y la imputaci\u00f3n se implementaron las directrices del Protocolo de Minnesota como criterio orientador ante la sospecha fundada que probablemente existi\u00f3 un uso ilegal de la fuerza p\u00fablica.&nbsp;<\/p>\n\n\n\n<p class=\"MsoNormal\">Por mandato constitucional, la Fiscal\u00eda de Oaxaca est\u00e1 obligada a investigar de forma pronta, efectiva, exhaustiva, independiente, imparcial, transparente y con apego a los derechos humanos toda muerte potencialmente il\u00edcita en la que exista una sospecha fundada de la intervenci\u00f3n de un agente del Estado, pues tiene la responsabilidad de brindar a las v\u00edctimas directas e indirectas un proceso de procuraci\u00f3n de justicia adecuado.<\/p>\n\n\n\n<p class=\"MsoNormal\">Para la Fiscal\u00eda General del Estado de Oaxaca es prioritario garantizar a las v\u00edctimas directas e indirectas, el acceso a procesos de procuraci\u00f3n de justicia adecuados que permitan acceder a la reparaci\u00f3n del da\u00f1o, as\u00ed como garantizar su derecho a conocer la verdad de lo ocurrido, derecho que es transversal para la comunidad, la cual tambi\u00e9n sufre los efectos de este tipo de conductas, pues se vulnera la confianza en las autoridades lo que hace necesario acciones que permitan una adecuada rendici\u00f3n de cuentas.<\/p>\n\n\n\n<p class=\"MsoNormal\">Los hechos ocurrieron durante la madrugada del s\u00e1bado 31 de agosto de 2024, cuando dos personas del sexo masculino, identificadas por las iniciales C. J. R. M. y D. I. P., viajaban a bordo de un autom\u00f3vil y llegaron al punto de verificaci\u00f3n de un operativo de alcohol\u00edmetro, colocado sobre la&nbsp;Avenida L\u00e1zaro C\u00e1rdenas, suceso a partir del cual derivaron las conductas tipificadas como delitos.<\/p>\n\n\n\n<p class=\"MsoNormal\">La Fiscal\u00eda General del Estado de Oaxaca refrenda su compromiso de trabajar de forma objetiva, expedita e imparcial para que este hecho no quede impune, de la misma manera en que se brinda la atenci\u00f3n en todos los casos de delitos de alto impacto, para establecer la verdad jur\u00eddica de los hechos y que las v\u00edctimas directas e indirectas tengan pleno acceso a la justicia.<\/p>\n","protected":false},"excerpt":{"rendered":"<p>Redacci\u00f3n\/Zona Roja.&nbsp; Oaxaca de Ju\u00e1rez, Oax. 5 de septiembre de 2024.-&nbsp;Como parte del avance en&hellip;<\/p>\n","protected":false},"author":2,"featured_media":72163,"comment_status":"closed","ping_status":"open","sticky":false,"template":"","format":"standard","meta":{"_lmt_disableupdate":"","_lmt_disable":"","_jetpack_memberships_contains_paid_content":false,"footnotes":""},"categories":[109,46],"tags":[],"class_list":["post-72164","post","type-post","status-publish","format-standard","has-post-thumbnail","hentry","category-minuto-a-minuto","category-zona-blanca"],"jetpack_featured_media_url":"https:\/\/zonaroja.com.mx\/wp-content\/uploads\/2024\/09\/303b160d-96fb-4603-9425-29fb7aa5c0f1-1.jpg","jetpack_sharing_enabled":true,"_links":{"self":[{"href":"https:\/\/zonaroja.com.mx\/index.php?rest_route=\/wp\/v2\/posts\/72164","targetHints":{"allow":["GET"]}}],"collection":[{"href":"https:\/\/zonaroja.com.mx\/index.php?rest_route=\/wp\/v2\/posts"}],"about":[{"href":"https:\/\/zonaroja.com.mx\/index.php?rest_route=\/wp\/v2\/types\/post"}],"author":[{"embeddable":true,"href":"https:\/\/zonaroja.com.mx\/index.php?rest_route=\/wp\/v2\/users\/2"}],"replies":[{"embeddable":true,"href":"https:\/\/zonaroja.com.mx\/index.php?rest_route=%2Fwp%2Fv2%2Fcomments&post=72164"}],"version-history":[{"count":1,"href":"https:\/\/zonaroja.com.mx\/index.php?rest_route=\/wp\/v2\/posts\/72164\/revisions"}],"predecessor-version":[{"id":72165,"href":"https:\/\/zonaroja.com.mx\/index.php?rest_route=\/wp\/v2\/posts\/72164\/revisions\/72165"}],"wp:featuredmedia":[{"embeddable":true,"href":"https:\/\/zonaroja.com.mx\/index.php?rest_route=\/wp\/v2\/media\/72163"}],"wp:attachment":[{"href":"https:\/\/zonaroja.com.mx\/index.php?rest_route=%2Fwp%2Fv2%2Fmedia&parent=72164"}],"wp:term":[{"taxonomy":"category","embeddable":true,"href":"https:\/\/zonaroja.com.mx\/index.php?rest_route=%2Fwp%2Fv2%2Fcategories&post=72164"},{"taxonomy":"post_tag","embeddable":true,"href":"https:\/\/zonaroja.com.mx\/index.php?rest_route=%2Fwp%2Fv2%2Ftags&post=72164"}],"curies":[{"name":"wp","href":"https:\/\/api.w.org\/{rel}","templated":true}]}}