{"id":72169,"date":"2024-09-05T19:46:13","date_gmt":"2024-09-06T01:46:13","guid":{"rendered":"https:\/\/zonaroja.com.mx\/?p=72169"},"modified":"2024-09-05T19:46:15","modified_gmt":"2024-09-06T01:46:15","slug":"tres-mujeres-buscan-la-titularidad-de-la-fiscalia-anticorrupcion","status":"publish","type":"post","link":"https:\/\/zonaroja.com.mx\/?p=72169","title":{"rendered":"Tres mujeres buscan la titularidad de la Fiscal\u00eda Anticorrupci\u00f3n"},"content":{"rendered":"\n<p>Redacci\u00f3n\/Zona Roja.<\/p>\n\n\n\n<p>Oaxaca de Ju\u00e1rez, Oax., a 5 de septiembre de 2024.- El Congreso de Oaxaca recibi\u00f3 la terna enviada por el gobernador, para la elecci\u00f3n de la Titular de la Fiscal\u00eda Especializada en materia de Combate a la Corrupci\u00f3n del Estado.<\/p>\n\n\n\n<p>En sesi\u00f3n ordinaria, la Presidencia de la Mesa Directiva recibi\u00f3 el documento respectivo y lo turn\u00f3 a las Comisiones Permanentes Unidas de Administraci\u00f3n y Procuraci\u00f3n de Justicia; y de Vigilancia del Sistema Estatal de Combate a la Corrupci\u00f3n, para la continuidad del proceso de elecci\u00f3n conforme a la convocatoria emitida por la 65 Legislatura local dirigida a profesionales de la licenciatura en Derecho.<\/p>\n\n\n\n<p>Las ciudadanas que conforman la terna son Mitzi Samary Le\u00f3n G\u00f3mez, Karina Reyes \u00c1vila y Estefan\u00eda Gonz\u00e1lez Ramos.&nbsp;<\/p>\n\n\n\n<p>De acuerdo con las bases de dicha convocatoria, las comisiones legislativas responsables del proceso entrevistar\u00e1n a las integrantes de la terna.<\/p>\n\n\n\n<p>Posteriormente, remitir\u00e1n los informes de las comparecencias al pleno, para que las diputadas y los diputados analicen, discutan y en sesi\u00f3n, sea la votaci\u00f3n correspondiente.&nbsp;<\/p>\n\n\n\n<p>Para la designaci\u00f3n de la Fiscal, se considerar\u00e1 el voto de las dos terceras partes de las diputadas y los diputados presentes.<\/p>\n\n\n\n<p>En agosto del presente a\u00f1o fue emitida la convocatoria, derivado de que el 9 de junio de 2024 concluy\u00f3 el nombramiento del ciudadano Jorge Emilio Iruegas \u00c1lvarez, quien en 2017 fue nombrado como Fiscal Especializado en Materia de Combate a la Corrupci\u00f3n del Estado de Oaxaca, por un periodo de siete a\u00f1os.<\/p>\n","protected":false},"excerpt":{"rendered":"<p>Redacci\u00f3n\/Zona Roja. Oaxaca de Ju\u00e1rez, Oax., a 5 de septiembre de 2024.- El Congreso de&hellip;<\/p>\n","protected":false},"author":2,"featured_media":71183,"comment_status":"closed","ping_status":"open","sticky":false,"template":"","format":"standard","meta":{"_lmt_disableupdate":"","_lmt_disable":"","_jetpack_memberships_contains_paid_content":false,"footnotes":""},"categories":[109,46],"tags":[214,681],"class_list":["post-72169","post","type-post","status-publish","format-standard","has-post-thumbnail","hentry","category-minuto-a-minuto","category-zona-blanca","tag-congreso-del-estado","tag-fiscalia-anticorrupcion"],"jetpack_featured_media_url":"https:\/\/zonaroja.com.mx\/wp-content\/uploads\/2024\/08\/Sesion-Congreso-del-Estado.jpeg","jetpack_sharing_enabled":true,"_links":{"self":[{"href":"https:\/\/zonaroja.com.mx\/index.php?rest_route=\/wp\/v2\/posts\/72169","targetHints":{"allow":["GET"]}}],"collection":[{"href":"https:\/\/zonaroja.com.mx\/index.php?rest_route=\/wp\/v2\/posts"}],"about":[{"href":"https:\/\/zonaroja.com.mx\/index.php?rest_route=\/wp\/v2\/types\/post"}],"author":[{"embeddable":true,"href":"https:\/\/zonaroja.com.mx\/index.php?rest_route=\/wp\/v2\/users\/2"}],"replies":[{"embeddable":true,"href":"https:\/\/zonaroja.com.mx\/index.php?rest_route=%2Fwp%2Fv2%2Fcomments&post=72169"}],"version-history":[{"count":1,"href":"https:\/\/zonaroja.com.mx\/index.php?rest_route=\/wp\/v2\/posts\/72169\/revisions"}],"predecessor-version":[{"id":72170,"href":"https:\/\/zonaroja.com.mx\/index.php?rest_route=\/wp\/v2\/posts\/72169\/revisions\/72170"}],"wp:featuredmedia":[{"embeddable":true,"href":"https:\/\/zonaroja.com.mx\/index.php?rest_route=\/wp\/v2\/media\/71183"}],"wp:attachment":[{"href":"https:\/\/zonaroja.com.mx\/index.php?rest_route=%2Fwp%2Fv2%2Fmedia&parent=72169"}],"wp:term":[{"taxonomy":"category","embeddable":true,"href":"https:\/\/zonaroja.com.mx\/index.php?rest_route=%2Fwp%2Fv2%2Fcategories&post=72169"},{"taxonomy":"post_tag","embeddable":true,"href":"https:\/\/zonaroja.com.mx\/index.php?rest_route=%2Fwp%2Fv2%2Ftags&post=72169"}],"curies":[{"name":"wp","href":"https:\/\/api.w.org\/{rel}","templated":true}]}}