{"id":72171,"date":"2024-09-05T21:39:39","date_gmt":"2024-09-06T03:39:39","guid":{"rendered":"https:\/\/zonaroja.com.mx\/?p=72171"},"modified":"2024-09-05T21:39:42","modified_gmt":"2024-09-06T03:39:42","slug":"violencia-irrefrenable-un-ejecutado-y-un-herido-en-juchitan","status":"publish","type":"post","link":"https:\/\/zonaroja.com.mx\/?p=72171","title":{"rendered":"Violencia irrefrenable: un ejecutado y un herido en Juchit\u00e1n"},"content":{"rendered":"\n<p>Raymundo Morales\/Zona Roja.<\/p>\n\n\n\n<p>Oaxaca de Ju\u00e1rez, Oax., a 5 de septiembre de 2024.- Sin freno, la violencia homicida en la regi\u00f3n del Istmo de Tehuantepec.<\/p>\n\n\n\n<p>La tarde de este jueves se registr\u00f3 un ataque armado en el municipio de Juchit\u00e1n de Zaragoza, que dej\u00f3 como saldo una persona del sexo masculino asesinada y otra m\u00e1s lesionada de gravedad.<\/p>\n\n\n\n<p>La agresi\u00f3n ocurri\u00f3 sobre el Perif\u00e9rico a la altura de la colonia V\u00edctor Yodo, en que sujetos armados atacaron a dos j\u00f3venes que se trasladaban a bordo de una motocicleta.<\/p>\n\n\n\n<p>Uno de ellos, a\u00fan no identificado legalmente, perdi\u00f3 la vida en el instante, mientras que otra corri\u00f3 y se refugi\u00f3 en un domicilio, donde arribaron param\u00e9dicos para atenderlo y trasladarlo a un hospital.<\/p>\n\n\n\n<p>Como suele suceder, polic\u00edas arribaron al lugar pero despu\u00e9s de los hechos; presuntamente efectuaron operativos de b\u00fasqueda pero sin \u00e9xito alguno.<\/p>\n\n\n\n<p>Cabe mencionar que por la ma\u00f1ana, la seguridad policiaca municipal se increment\u00f3 en Juchit\u00e1n por unas horas, debido a la ceremonia c\u00edvica que encabez\u00f3 el titular del IEEPO, Emilio Montero P\u00e9rez, ex presidente municipal, y Miguel S\u00e1nchez Altamirano, actual edil, ambos del Partido Morena.<\/p>\n","protected":false},"excerpt":{"rendered":"<p>Raymundo Morales\/Zona Roja. Oaxaca de Ju\u00e1rez, Oax., a 5 de septiembre de 2024.- Sin freno,&hellip;<\/p>\n","protected":false},"author":2,"featured_media":72172,"comment_status":"closed","ping_status":"open","sticky":false,"template":"","format":"standard","meta":{"_lmt_disableupdate":"","_lmt_disable":"","_jetpack_memberships_contains_paid_content":false,"footnotes":""},"categories":[109,51],"tags":[123],"class_list":["post-72171","post","type-post","status-publish","format-standard","has-post-thumbnail","hentry","category-minuto-a-minuto","category-zona-roja","tag-juchitan-de-zaragoza"],"jetpack_featured_media_url":"https:\/\/zonaroja.com.mx\/wp-content\/uploads\/2024\/09\/Asesinado-en-Juchitan.jpeg","jetpack_sharing_enabled":true,"_links":{"self":[{"href":"https:\/\/zonaroja.com.mx\/index.php?rest_route=\/wp\/v2\/posts\/72171","targetHints":{"allow":["GET"]}}],"collection":[{"href":"https:\/\/zonaroja.com.mx\/index.php?rest_route=\/wp\/v2\/posts"}],"about":[{"href":"https:\/\/zonaroja.com.mx\/index.php?rest_route=\/wp\/v2\/types\/post"}],"author":[{"embeddable":true,"href":"https:\/\/zonaroja.com.mx\/index.php?rest_route=\/wp\/v2\/users\/2"}],"replies":[{"embeddable":true,"href":"https:\/\/zonaroja.com.mx\/index.php?rest_route=%2Fwp%2Fv2%2Fcomments&post=72171"}],"version-history":[{"count":1,"href":"https:\/\/zonaroja.com.mx\/index.php?rest_route=\/wp\/v2\/posts\/72171\/revisions"}],"predecessor-version":[{"id":72173,"href":"https:\/\/zonaroja.com.mx\/index.php?rest_route=\/wp\/v2\/posts\/72171\/revisions\/72173"}],"wp:featuredmedia":[{"embeddable":true,"href":"https:\/\/zonaroja.com.mx\/index.php?rest_route=\/wp\/v2\/media\/72172"}],"wp:attachment":[{"href":"https:\/\/zonaroja.com.mx\/index.php?rest_route=%2Fwp%2Fv2%2Fmedia&parent=72171"}],"wp:term":[{"taxonomy":"category","embeddable":true,"href":"https:\/\/zonaroja.com.mx\/index.php?rest_route=%2Fwp%2Fv2%2Fcategories&post=72171"},{"taxonomy":"post_tag","embeddable":true,"href":"https:\/\/zonaroja.com.mx\/index.php?rest_route=%2Fwp%2Fv2%2Ftags&post=72171"}],"curies":[{"name":"wp","href":"https:\/\/api.w.org\/{rel}","templated":true}]}}