{"id":72174,"date":"2024-09-06T08:25:00","date_gmt":"2024-09-06T14:25:00","guid":{"rendered":"https:\/\/zonaroja.com.mx\/?p=72174"},"modified":"2024-09-06T07:26:45","modified_gmt":"2024-09-06T13:26:45","slug":"conceden-cuarta-suspension-provisional-a-reformas-del-poder-judicial","status":"publish","type":"post","link":"https:\/\/zonaroja.com.mx\/?p=72174","title":{"rendered":"Conceden cuarta suspensi\u00f3n provisional a reformas del Poder Judicial"},"content":{"rendered":"\n<p>Redacci\u00f3n\/Zona Roja Cdmx.<\/p>\n\n\n\n<p>Ciudad de M\u00e9xico, a 6 de septiembre de 2024.- Un juez federal en Colima concedi\u00f3 la cuarta suspensi\u00f3n provisional que ordena a legisladores federales no aprobar, en este caso en el Senado, la iniciativa ya votada en la C\u00e1mara de Diputados, y que tampoco se env\u00ede, si continuara el proceso legislativo, a las legislaturas locales para su aprobaci\u00f3n.<\/p>\n\n\n\n<p>Francisco Javier Garc\u00eda Contreras, titular del Juzgado Segundo de Distrito con residencia en Colima, otorg\u00f3 la medida cautelar a la Fundaci\u00f3n Iris en Promoci\u00f3n y Defensa de los Derechos Humanos, que &nbsp;impugn\u00f3 la iniciativa que propone reformar adicionar y derogar diversas disposiciones de la Constituci\u00f3n; la omisi\u00f3n de emitir el dictamen respectivo dentro del plazo previsto para ello, as\u00ed como la omisi\u00f3n de declarar la caducidad del proceso legislativo de reformas a la Carta Magna, por mencionar algunas.<\/p>\n\n\n\n<p>\u201cSe concede la suspensi\u00f3n provisional de los actos reclamados a Fundaci\u00f3n Iris en promoci\u00f3n y defensa de los Derechos Humanos, Asociaci\u00f3n Civil, para el efecto de que las autoridades responsables no materialicen el acto reclamado, esto es, no se lleve a cabo la discusi\u00f3n y aprobaci\u00f3n de la iniciativa de reforma a la Constituci\u00f3n, en las C\u00e1maras de Diputados y Senadores, as\u00ed como en todas las legislaturas del pa\u00eds, en espec\u00edfico el t\u00f3pico jur\u00eddico relativo al Poder Judicial\u201d, se\u00f1ala el resolutivo del togado.<\/p>\n\n\n\n<p>El impartidor de justicia se\u00f1al\u00f3 que es un hecho notorio que ya se llev\u00f3 a cabo la discusi\u00f3n, an\u00e1lisis y votaci\u00f3n del dictamen correspondiente, aprobado con 22 votos a favor y 17 en contra y 0 abstenciones, \u201cpor lo tanto, la etapa subsecuente es la de discusi\u00f3n ante la C\u00e1mara de Diputados y posteriormente en la de Senadores, as\u00ed como en las legislaturas estatales correspondientes, respecto a la iniciativa con proyecto del decreto por el que se reforman, adicionan y derogan diversas disposiciones de la Constituci\u00f3n Federal, espec\u00edficamente los art\u00edculos 17, 20, 76, 89, 94, 95, 96, 97, 98, 99, 100, 101, 105, 107, 110, 111, 113, 116, y 122 de la Constituci\u00f3n Pol\u00edtica de los Estados Unidos Mexicanos\u201d.<\/p>\n\n\n\n<p>El juez agreg\u00f3 que \u201crespecto a los efectos y consecuencias de los actos reclamados, es necesario tener presente que la suspensi\u00f3n es una instituci\u00f3n de orden p\u00fablico que tiene como prop\u00f3sito fundamental preservar el estado de derecho, pero sobre todo, paralizar los actos de cualquier autoridad que se aparten de la ley y de la Constituci\u00f3n, por tanto, este juzgador federal considera que resulta procedente conceder la medida cautelar\u201d.<\/p>\n\n\n\n<p>Garc\u00eda Contreras agend\u00f3 para el 12 de septiembre la audiencia donde resolver\u00e1 si concede la suspensi\u00f3n definitiva.<\/p>\n\n\n\n<p>(Informaci\u00f3n de \u201cLa Jornada\u201d)<\/p>\n","protected":false},"excerpt":{"rendered":"<p>Redacci\u00f3n\/Zona Roja Cdmx. Ciudad de M\u00e9xico, a 6 de septiembre de 2024.- Un juez federal&hellip;<\/p>\n","protected":false},"author":2,"featured_media":71364,"comment_status":"closed","ping_status":"open","sticky":false,"template":"","format":"standard","meta":{"_lmt_disableupdate":"","_lmt_disable":"","_jetpack_memberships_contains_paid_content":false,"footnotes":""},"categories":[109,47],"tags":[4027],"class_list":["post-72174","post","type-post","status-publish","format-standard","has-post-thumbnail","hentry","category-minuto-a-minuto","category-zona-gris","tag-reforma-al-poder-judicial"],"jetpack_featured_media_url":"https:\/\/zonaroja.com.mx\/wp-content\/uploads\/2024\/08\/Pachuca-Liberan-bulevar-Colosio-tras-paro-del-Poder-Judicial.jpeg","jetpack_sharing_enabled":true,"_links":{"self":[{"href":"https:\/\/zonaroja.com.mx\/index.php?rest_route=\/wp\/v2\/posts\/72174","targetHints":{"allow":["GET"]}}],"collection":[{"href":"https:\/\/zonaroja.com.mx\/index.php?rest_route=\/wp\/v2\/posts"}],"about":[{"href":"https:\/\/zonaroja.com.mx\/index.php?rest_route=\/wp\/v2\/types\/post"}],"author":[{"embeddable":true,"href":"https:\/\/zonaroja.com.mx\/index.php?rest_route=\/wp\/v2\/users\/2"}],"replies":[{"embeddable":true,"href":"https:\/\/zonaroja.com.mx\/index.php?rest_route=%2Fwp%2Fv2%2Fcomments&post=72174"}],"version-history":[{"count":1,"href":"https:\/\/zonaroja.com.mx\/index.php?rest_route=\/wp\/v2\/posts\/72174\/revisions"}],"predecessor-version":[{"id":72175,"href":"https:\/\/zonaroja.com.mx\/index.php?rest_route=\/wp\/v2\/posts\/72174\/revisions\/72175"}],"wp:featuredmedia":[{"embeddable":true,"href":"https:\/\/zonaroja.com.mx\/index.php?rest_route=\/wp\/v2\/media\/71364"}],"wp:attachment":[{"href":"https:\/\/zonaroja.com.mx\/index.php?rest_route=%2Fwp%2Fv2%2Fmedia&parent=72174"}],"wp:term":[{"taxonomy":"category","embeddable":true,"href":"https:\/\/zonaroja.com.mx\/index.php?rest_route=%2Fwp%2Fv2%2Fcategories&post=72174"},{"taxonomy":"post_tag","embeddable":true,"href":"https:\/\/zonaroja.com.mx\/index.php?rest_route=%2Fwp%2Fv2%2Ftags&post=72174"}],"curies":[{"name":"wp","href":"https:\/\/api.w.org\/{rel}","templated":true}]}}