{"id":72178,"date":"2024-09-06T10:34:00","date_gmt":"2024-09-06T16:34:00","guid":{"rendered":"https:\/\/zonaroja.com.mx\/?p=72178"},"modified":"2024-09-06T07:36:01","modified_gmt":"2024-09-06T13:36:01","slug":"aprueba-el-ieepco-acuerdos-de-sistemas-normativos-indigenas","status":"publish","type":"post","link":"https:\/\/zonaroja.com.mx\/?p=72178","title":{"rendered":"Aprueba el IEEPCO acuerdos de Sistemas Normativos Ind\u00edgenas"},"content":{"rendered":"\n<p>Redacci\u00f3n\/Zona Roja.<\/p>\n\n\n\n<p>Oaxaca de Ju\u00e1rez, Oax., a 6 de septiembre de 2024.- La tarde de este jueves, el Consejo General del Instituto Estatal Electoral y de Participaci\u00f3n Ciudadana de Oaxaca, llev\u00f3 a cabo una Sesi\u00f3n Extraordinaria, en la cual se aprobaron diferentes acuerdos relacionados con municipios regidos electoralmente por Sistemas Normativos Ind\u00edgenas.<\/p>\n\n\n\n<p>En principio, se aprobaron por unanimidad los Proyectos de Acuerdo IEEPCO-CG-SNI-52\/2024, respecto de la elecci\u00f3n ordinaria de concejal\u00edas al ayuntamiento de San Miguel del R\u00edo; IEEPCO-CG-SNI-53\/2024, respecto de la elecci\u00f3n ordinaria de concejal\u00edas al ayuntamiento de Santiago Laxopa; IEEPCO-CG-SNI-54\/2024, respecto de la elecci\u00f3n ordinaria parcial de concejal\u00edas al ayuntamiento de San Miguel Mixtepec.<\/p>\n\n\n\n<p>IEEPCO-CG-SNI-55\/2024, respecto de la elecci\u00f3n ordinaria parcial de concejal\u00edas al ayuntamiento de Santiago Nundiche; IEEPCO-CG-SNI-56\/2024, respecto de la elecci\u00f3n ordinaria de concejal\u00edas al ayuntamiento de Santo Domingo Albarradas; as\u00ed como IEEPCO-CG-SNI-57\/2024, respecto de la elecci\u00f3n ordinaria de concejal\u00edas al ayuntamiento de Santa Mar\u00eda Tlahuitoltepec, Oaxaca.<\/p>\n\n\n\n<p>En un siguiente punto, se aprob\u00f3 por unanimidad el Proyecto de IEEPCO-CG-SNI-58\/2024, respecto de la elecci\u00f3n extraordinaria de las concejal\u00edas suplentes de la sindicatura municipal, regidur\u00eda de hacienda, regidur\u00eda de acci\u00f3n social y regidur\u00eda de salud del ayuntamiento de Abejones, Oaxaca.&nbsp;<\/p>\n\n\n\n<p>Por \u00faltimo, se aprob\u00f3 el Proyecto de Acuerdo IEEPCO-CG-SNI-59\/2024, respecto de la Terminaci\u00f3n Anticipada de Mandato (TAM) de las concejal\u00edas propietarias y suplentes, electas en el a\u00f1o 2022, del ayuntamiento de Zapotitl\u00e1n Palmas, Oaxaca.<\/p>\n","protected":false},"excerpt":{"rendered":"<p>Redacci\u00f3n\/Zona Roja. Oaxaca de Ju\u00e1rez, Oax., a 6 de septiembre de 2024.- La tarde de&hellip;<\/p>\n","protected":false},"author":2,"featured_media":68124,"comment_status":"closed","ping_status":"open","sticky":false,"template":"","format":"standard","meta":{"_lmt_disableupdate":"","_lmt_disable":"","_jetpack_memberships_contains_paid_content":false,"footnotes":""},"categories":[109,46],"tags":[2932],"class_list":["post-72178","post","type-post","status-publish","format-standard","has-post-thumbnail","hentry","category-minuto-a-minuto","category-zona-blanca","tag-instituto-estatal-electoral-y-de-participacion-ciudadana-de-oaxaca-ieepco"],"jetpack_featured_media_url":"https:\/\/zonaroja.com.mx\/wp-content\/uploads\/2024\/05\/IEEPCO-1.jpg","jetpack_sharing_enabled":true,"_links":{"self":[{"href":"https:\/\/zonaroja.com.mx\/index.php?rest_route=\/wp\/v2\/posts\/72178","targetHints":{"allow":["GET"]}}],"collection":[{"href":"https:\/\/zonaroja.com.mx\/index.php?rest_route=\/wp\/v2\/posts"}],"about":[{"href":"https:\/\/zonaroja.com.mx\/index.php?rest_route=\/wp\/v2\/types\/post"}],"author":[{"embeddable":true,"href":"https:\/\/zonaroja.com.mx\/index.php?rest_route=\/wp\/v2\/users\/2"}],"replies":[{"embeddable":true,"href":"https:\/\/zonaroja.com.mx\/index.php?rest_route=%2Fwp%2Fv2%2Fcomments&post=72178"}],"version-history":[{"count":1,"href":"https:\/\/zonaroja.com.mx\/index.php?rest_route=\/wp\/v2\/posts\/72178\/revisions"}],"predecessor-version":[{"id":72179,"href":"https:\/\/zonaroja.com.mx\/index.php?rest_route=\/wp\/v2\/posts\/72178\/revisions\/72179"}],"wp:featuredmedia":[{"embeddable":true,"href":"https:\/\/zonaroja.com.mx\/index.php?rest_route=\/wp\/v2\/media\/68124"}],"wp:attachment":[{"href":"https:\/\/zonaroja.com.mx\/index.php?rest_route=%2Fwp%2Fv2%2Fmedia&parent=72178"}],"wp:term":[{"taxonomy":"category","embeddable":true,"href":"https:\/\/zonaroja.com.mx\/index.php?rest_route=%2Fwp%2Fv2%2Fcategories&post=72178"},{"taxonomy":"post_tag","embeddable":true,"href":"https:\/\/zonaroja.com.mx\/index.php?rest_route=%2Fwp%2Fv2%2Ftags&post=72178"}],"curies":[{"name":"wp","href":"https:\/\/api.w.org\/{rel}","templated":true}]}}