{"id":72180,"date":"2024-09-06T11:30:00","date_gmt":"2024-09-06T17:30:00","guid":{"rendered":"https:\/\/zonaroja.com.mx\/?p=72180"},"modified":"2024-09-06T07:38:28","modified_gmt":"2024-09-06T13:38:28","slug":"congresistas-de-estados-unidos-tambien-se-pronuncian-sobre-reforma-judicial","status":"publish","type":"post","link":"https:\/\/zonaroja.com.mx\/?p=72180","title":{"rendered":"Congresistas de Estados Unidos tambi\u00e9n se pronuncian sobre reforma judicial"},"content":{"rendered":"\n<p>Redacci\u00f3n\/Zona Roja Cdmx.<\/p>\n\n\n\n<p>Ciudad de M\u00e9xico, a 6 de septiembre de 2024.-&nbsp;Un grupo de congresistas de la Uni\u00f3n Americana expres\u00f3 a la Oficina de Representaci\u00f3n Comercial de Estados Unidos (USTR, por sus siglas en ingl\u00e9s) su preocupaci\u00f3n por las reformas constitucionales que se discuten en el Congreso de la Uni\u00f3n \u2014incluida la del Poder Judicial\u2014, pues consideraron que estos cambios no s\u00f3lo representan riesgos para los inversionistas de ese pa\u00eds, sino tambi\u00e9n para la revisi\u00f3n sexenal del T-MEC en 2026.<\/p>\n\n\n\n<p>A trav\u00e9s de una carta dirigida a Katherine Tai, la Representante Comercial de la naci\u00f3n vecina del norte, legisladores \u2014dem\u00f3cratas y republicanos de estados que son productores agr\u00edcolas o manufactureros\u2014, pidieron que el gobierno estadunidense establezca comunicaci\u00f3n con el presidente Andr\u00e9s Manuel L\u00f3pez Obrador y la presidenta electa Claudia Sheinbaum Pardo, para que se garantice que las reformas no entren en conflicto con las obligaciones que se establecen en el acuerdo comercial.<\/p>\n\n\n\n<p>En el documento firmado por Adam Smith, Ron Estes, Jim Costa, Greg Stanton, Jodey Arrington, Beth Van Duyne, Mike Carey, Michelle Steel, Claudia Tenney, y David Schweikert, quienes no tienen a su cargo alg\u00fan subcomit\u00e9, reconocieron que M\u00e9xico tiene el derecho soberano de actualizar su constituci\u00f3n, pero \u201cmuchas de las reformas propuestas parecen comprometer el acceso de los inversionistas estadounidenses a un marco regulatorio estable, predecible e imparcial\u201d.<\/p>\n\n\n\n<p>En particular, expresaron su preocupaci\u00f3n por la restricci\u00f3n de la importaci\u00f3n de ma\u00edz transg\u00e9nico, la prohibici\u00f3n de m\u00e9todos de extracci\u00f3n, restringir la exploraci\u00f3n de litio, restringir las operaciones y permisos de electricidad y extinguir los organismos reguladores aut\u00f3nomos.<\/p>\n\n\n\n<p>\u201cTales pol\u00edticas socavar\u00edan la competitividad de Am\u00e9rica del Norte y crear\u00edan un entorno desafiante para las empresas relevantes que buscan operar bajo las reglas del T-MEC en M\u00e9xico\u201d, destacaron.<\/p>\n\n\n\n<p>Ante el avance en el proceso de discusi\u00f3n y aprobaci\u00f3n de las reformas, los congresistas pidieron a Tai establecer un di\u00e1logo con el Gobierno de M\u00e9xico para que comunique las inquietudes que manifestaron en la carta.<\/p>\n\n\n\n<p>Los legisladores estadunidenses consideraron que \u201ces imperativo que cada pa\u00eds socio respete la integridad del T-MEC\u201d.<\/p>\n\n\n\n<p>Advirtieron que cualquier acci\u00f3n que contravenga los compromisos suscritos en el acuerdo comercial \u201cdificultar\u00e1 el proceso de revisi\u00f3n (en 2026)\u201d.<\/p>\n\n\n\n<p>El grupo de congresistas pidieron a Tai entregar por escrito antes del 20 de septiembre una respuesta a una serie de preguntas sobre las implicaciones de las reformas, incluyendo la del Poder Judicial, sobre todo para conocer c\u00f3mo actuar\u00e1 el gobierno del presidente estadounidense Joe Biden ante esto.<\/p>\n\n\n\n<p>(Informaci\u00f3n de EFE en L\u00f3pez-D\u00f3riga Digital)<\/p>\n","protected":false},"excerpt":{"rendered":"<p>Redacci\u00f3n\/Zona Roja Cdmx. Ciudad de M\u00e9xico, a 6 de septiembre de 2024.-&nbsp;Un grupo de congresistas&hellip;<\/p>\n","protected":false},"author":2,"featured_media":72181,"comment_status":"closed","ping_status":"open","sticky":false,"template":"","format":"standard","meta":{"_lmt_disableupdate":"","_lmt_disable":"","_jetpack_memberships_contains_paid_content":false,"footnotes":""},"categories":[109,47],"tags":[4027],"class_list":["post-72180","post","type-post","status-publish","format-standard","has-post-thumbnail","hentry","category-minuto-a-minuto","category-zona-gris","tag-reforma-al-poder-judicial"],"jetpack_featured_media_url":"https:\/\/zonaroja.com.mx\/wp-content\/uploads\/2024\/09\/Congreso-de-Estados-Unidos.jpeg","jetpack_sharing_enabled":true,"_links":{"self":[{"href":"https:\/\/zonaroja.com.mx\/index.php?rest_route=\/wp\/v2\/posts\/72180","targetHints":{"allow":["GET"]}}],"collection":[{"href":"https:\/\/zonaroja.com.mx\/index.php?rest_route=\/wp\/v2\/posts"}],"about":[{"href":"https:\/\/zonaroja.com.mx\/index.php?rest_route=\/wp\/v2\/types\/post"}],"author":[{"embeddable":true,"href":"https:\/\/zonaroja.com.mx\/index.php?rest_route=\/wp\/v2\/users\/2"}],"replies":[{"embeddable":true,"href":"https:\/\/zonaroja.com.mx\/index.php?rest_route=%2Fwp%2Fv2%2Fcomments&post=72180"}],"version-history":[{"count":1,"href":"https:\/\/zonaroja.com.mx\/index.php?rest_route=\/wp\/v2\/posts\/72180\/revisions"}],"predecessor-version":[{"id":72182,"href":"https:\/\/zonaroja.com.mx\/index.php?rest_route=\/wp\/v2\/posts\/72180\/revisions\/72182"}],"wp:featuredmedia":[{"embeddable":true,"href":"https:\/\/zonaroja.com.mx\/index.php?rest_route=\/wp\/v2\/media\/72181"}],"wp:attachment":[{"href":"https:\/\/zonaroja.com.mx\/index.php?rest_route=%2Fwp%2Fv2%2Fmedia&parent=72180"}],"wp:term":[{"taxonomy":"category","embeddable":true,"href":"https:\/\/zonaroja.com.mx\/index.php?rest_route=%2Fwp%2Fv2%2Fcategories&post=72180"},{"taxonomy":"post_tag","embeddable":true,"href":"https:\/\/zonaroja.com.mx\/index.php?rest_route=%2Fwp%2Fv2%2Ftags&post=72180"}],"curies":[{"name":"wp","href":"https:\/\/api.w.org\/{rel}","templated":true}]}}