{"id":72190,"date":"2024-09-06T18:39:15","date_gmt":"2024-09-07T00:39:15","guid":{"rendered":"https:\/\/zonaroja.com.mx\/?p=72190"},"modified":"2024-09-06T18:39:17","modified_gmt":"2024-09-07T00:39:17","slug":"istmo-violento-ejecutan-a-balazos-a-tres-personas","status":"publish","type":"post","link":"https:\/\/zonaroja.com.mx\/?p=72190","title":{"rendered":"Istmo violento: ejecutan a balazos a tres personas"},"content":{"rendered":"\n<p>Raymundo Morales\/Zona Roja.<\/p>\n\n\n\n<p>Oaxaca de Ju\u00e1rez, Oax., a 6 de septiembre de 2024.- Tres personas fueron asesinadas a balazos este viernes en la regi\u00f3n del Istmo de Tehuantepec, en dos hechos distintos.<\/p>\n\n\n\n<p>En el municipio de Mat\u00edas Romero Avenda\u00f1o, fue ultimado un ex militar y empresario identificado como Engel S.<\/p>\n\n\n\n<p>El crimen se perpetr\u00f3 en el interior de su domicilio ubicado en la colonia Barrio Ju\u00e1rez y las autoridades locales no reportan ninguna detenci\u00f3n, pese a que fue a la luz del d\u00eda y en la cabecera municipal.<\/p>\n\n\n\n<p>Por otra parte, en un camino de terracer\u00eda de acceso a la localidad de Playa Brasil, perteneciente al municipio de Salina Cruz, fueron hallados dos cuerpos con huellas de tortura y disparos de arma de fuego.<\/p>\n\n\n\n<p>Las v\u00edctimas a\u00fan no han sido identificadas y fueron localizadas por un campesino que transitaba en la zona, por lo cual dio el reporte a las corporaciones de seguridad.<\/p>\n\n\n\n<p>Personal de la Marina, del Ej\u00e9rcito Mexicano, de la Polic\u00eda Estatal y polic\u00eda municipal, as\u00ed como personal de la Vicefiscal\u00eda Regional del Istmo se encuentran en la zona para la realizaci\u00f3n de las indagatorias correspondientes.<\/p>\n\n\n\n<p>Apenas ayer, tambi\u00e9n en la regi\u00f3n del Istmo, se registr\u00f3 un ataque armado en la Octava Secci\u00f3n, con saldo de una persona fallecida y otra m\u00e1s lesionada de gravedad.<\/p>\n","protected":false},"excerpt":{"rendered":"<p>Raymundo Morales\/Zona Roja. Oaxaca de Ju\u00e1rez, Oax., a 6 de septiembre de 2024.- Tres personas&hellip;<\/p>\n","protected":false},"author":2,"featured_media":72191,"comment_status":"closed","ping_status":"open","sticky":false,"template":"","format":"standard","meta":{"_lmt_disableupdate":"","_lmt_disable":"","_jetpack_memberships_contains_paid_content":false,"footnotes":""},"categories":[109,51],"tags":[4054,4053],"class_list":["post-72190","post","type-post","status-publish","format-standard","has-post-thumbnail","hentry","category-minuto-a-minuto","category-zona-roja","tag-asesinato-matias-romero","tag-asesinato-salina-cruz"],"jetpack_featured_media_url":"https:\/\/zonaroja.com.mx\/wp-content\/uploads\/2024\/09\/Asesinados-Salina-Cruz.jpg","jetpack_sharing_enabled":true,"_links":{"self":[{"href":"https:\/\/zonaroja.com.mx\/index.php?rest_route=\/wp\/v2\/posts\/72190","targetHints":{"allow":["GET"]}}],"collection":[{"href":"https:\/\/zonaroja.com.mx\/index.php?rest_route=\/wp\/v2\/posts"}],"about":[{"href":"https:\/\/zonaroja.com.mx\/index.php?rest_route=\/wp\/v2\/types\/post"}],"author":[{"embeddable":true,"href":"https:\/\/zonaroja.com.mx\/index.php?rest_route=\/wp\/v2\/users\/2"}],"replies":[{"embeddable":true,"href":"https:\/\/zonaroja.com.mx\/index.php?rest_route=%2Fwp%2Fv2%2Fcomments&post=72190"}],"version-history":[{"count":1,"href":"https:\/\/zonaroja.com.mx\/index.php?rest_route=\/wp\/v2\/posts\/72190\/revisions"}],"predecessor-version":[{"id":72192,"href":"https:\/\/zonaroja.com.mx\/index.php?rest_route=\/wp\/v2\/posts\/72190\/revisions\/72192"}],"wp:featuredmedia":[{"embeddable":true,"href":"https:\/\/zonaroja.com.mx\/index.php?rest_route=\/wp\/v2\/media\/72191"}],"wp:attachment":[{"href":"https:\/\/zonaroja.com.mx\/index.php?rest_route=%2Fwp%2Fv2%2Fmedia&parent=72190"}],"wp:term":[{"taxonomy":"category","embeddable":true,"href":"https:\/\/zonaroja.com.mx\/index.php?rest_route=%2Fwp%2Fv2%2Fcategories&post=72190"},{"taxonomy":"post_tag","embeddable":true,"href":"https:\/\/zonaroja.com.mx\/index.php?rest_route=%2Fwp%2Fv2%2Ftags&post=72190"}],"curies":[{"name":"wp","href":"https:\/\/api.w.org\/{rel}","templated":true}]}}